{"id":15266,"date":"2023-09-17T05:03:33","date_gmt":"2023-09-17T10:03:33","guid":{"rendered":"https:\/\/maghreb-observateur.com\/?p=15266"},"modified":"2023-09-17T05:03:34","modified_gmt":"2023-09-17T10:03:34","slug":"les-3-papes-berberes-qui-ont-revolutionne-leglise-catholique","status":"publish","type":"post","link":"https:\/\/maghreb-observateur.com\/?p=15266","title":{"rendered":"LES 3 PAPES BERB\u00c8RES QUI ONT R\u00c9VOLUTIONN\u00c9 L\u2019\u00c9GLISE CATHOLIQUE"},"content":{"rendered":"\n<h1 class=\"wp-block-heading\"><img decoding=\"async\" src=\"https:\/\/i.le360.ma\/fr\/sites\/default\/files\/styles\/asset_image_in_body\/public\/assets\/images\/2019\/02\/saint_20.jpg\" alt=\"G\u00e9lase Ier\"><\/h1>\n\n\n\n<p>G\u00e9lase Ier\u00a9 Copyright : DR<\/p>\n\n\n\n<p><strong>Le catholicisme romain est loin d\u2019avoir \u00e9t\u00e9 repr\u00e9sent\u00e9 uniquement par des figures europ\u00e9ennes.<\/strong><\/p>\n\n\n\n<p>A trois reprises dans l\u2019histoire, l\u2019\u00e9glise a nomm\u00e9 \u00e0 sa t\u00eate des chr\u00e9tiens originaires d\u2019Afrique du Nord. Si cela peut surprendre aujourd\u2019hui, il n\u2019y avait rien d\u2019\u00e9tonnant \u00e0 cela \u00e0 une \u00e9poque o\u00f9 les populations berb\u00e8res du pourtour m\u00e9diterran\u00e9en \u00e9taient en grande partie christianis\u00e9es sous l\u2019influence de l\u2019Empire Romain qui s\u2019\u00e9tendait jusqu\u2019au Maghreb actuel.<\/p>\n\n\n\n<p>La dislocation de l\u2019Empire Romain au V\u00e8me si\u00e8cle mettra d\u2019ailleurs un terme au pontificat des Africains. Par ailleurs, les populations berb\u00e8res christianis\u00e9es furent aussi decim\u00e9es ou converties lors des invasions vandales puis musulmanes.<\/p>\n\n\n\n<p><strong>Victor Ier<\/strong><img decoding=\"async\" src=\"https:\/\/i.le360.ma\/fr\/sites\/default\/files\/styles\/asset_image_in_body\/public\/assets\/images\/2019\/02\/pape-victor-ier.jpg\" alt=\"Victor 1er\"><\/p>\n\n\n\n<p>Victor 1er\u00a9 Copyright : DR<\/p>\n\n\n\n<p>Le premier pape issu de cette r\u00e9gion est Victor Ier. Ce berb\u00e8re n\u00e9 dans l\u2019actuelle Tunisie fut nomm\u00e9 \u00e9v\u00eaque de Rome et gouverna l\u2019Eglise romaine d\u00e8s 189 et jusqu\u2019en 199. Il se fit conna\u00eetre pour son implication dans la querelle de la p\u00e2que quartod\u00e9cimaine en s\u2019opposant aux \u00e9v\u00eaques asiatiques. Cette f\u00eate religieuse pratiqu\u00e9e essentiellement jusqu&#8217;\u00e0 la fin du IV<sup>e<\/sup>&nbsp;si\u00e8cle par les \u00c9glises chr\u00e9tiennes d&#8217;Asie \u00e9tait c\u00e9l\u00e9br\u00e9e au soir du quatorze Nissan, c&#8217;est-\u00e0-dire la veille de la P\u00e2que juive, alors que les \u00c9glises li\u00e9es \u00e0 Rome f\u00eataient P\u00e2ques le dimanche suivant. Avec Victor Ier s\u2019affirme la volont\u00e9 des \u00e9v\u00eaques de Rome d\u2019imposer un magist\u00e8re moral sur les autres \u00e9glises et c\u2019est \u00e0 ce pape berb\u00e8re que l\u2019on doit les premiers d\u00e9crets d\u2019excommunications des \u00e9v\u00eaques en 192. Il faudra attendre la fin du pontificat de Victor Ier pour que la paix soit ramen\u00e9e au seins de l\u2019Eglise.<\/p>\n\n\n\n<p><strong>Miltiade<\/strong><img decoding=\"async\" src=\"https:\/\/i.le360.ma\/fr\/sites\/default\/files\/styles\/asset_image_in_body\/public\/assets\/images\/2019\/02\/250px-pope_miltiades.jpg\" alt=\"Miltiade\"><\/p>\n\n\n\n<p>Miltiade\u00a9 Copyright : DR<\/p>\n\n\n\n<p>Le second pape africain est Miltiade ou Melchiade. N\u00e9 en Afrique du Nord, il dirigea l\u2019\u00e9glise de 311 \u00e0 314. Miltiade est le premier pape \u00e0 b\u00e9n\u00e9ficier des faveurs d&#8217;un empereur romain, Maxence, lequel l\u00e8vera les mesures r\u00e9pressives contre les chr\u00e9tiens&nbsp;et autorisera son \u00e9lection en 311. A la mort de celui-ci, le pape Miltiade b\u00e9n\u00e9ficie des faveurs d\u2019Hel\u00e8ne, la m\u00e8re de Constantin Ier, qui lui offre en octobre 312 le palais du Latran, o\u00f9 il s\u2019installe en la d\u00e9cr\u00e9tant nouvelle r\u00e9sidence pontificale et si\u00e8ge de la gouvernance chr\u00e9tienne. Un an plus tard, Constantin et l\u2019empereur romain Licinius accorderont la libert\u00e9 de culte aux Chr\u00e9tiens et aux croyants d\u2019autres confessions. Miltiade est au titre de ces pr\u00e9cieuses contributions \u00e0 l\u2019\u00e9glise consid\u00e9r\u00e9 comme un martyr.<\/p>\n\n\n\n<p><strong>G\u00e9lase Ier<\/strong><img decoding=\"async\" src=\"https:\/\/i.le360.ma\/fr\/sites\/default\/files\/styles\/asset_image_in_body\/public\/assets\/images\/2019\/02\/f8b807e81224ae2e63ec1d4686d4c214.jpg\" alt=\"G\u00e9lase Ier\"><\/p>\n\n\n\n<p>G\u00e9lase Ier\u00a9 Copyright : DR<\/p>\n\n\n\n<p>Enfin, le 3<sup>\u00e8me<\/sup>&nbsp;et dernier pape berb\u00e8re est G\u00e9lase Ier. A la t\u00eate du pontificat de 492 \u00e0 496, il est consid\u00e9r\u00e9 comme un saint par l\u2019Eglise catholique Romaine, pour ses nombreuses contributions.<\/p>\n\n\n\n<p>G\u00e9lase s\u2019impose ainsi comme d\u00e9fenseur de la primaut\u00e9 de Rome tout en menant de main de fer l\u2019instauration d\u2019une politique d\u2019ind\u00e9pendance de l\u2019Eglise romaine et d\u2019autonomie de la sph\u00e8re spirituelle vis-\u00e0-vis du pouvoir politique.<\/p>\n\n\n\n<p>L\u2019empereur est selon lui un fils de l\u2019\u00e9glise, un chr\u00e9tien parmi d\u2019autres, et non un pr\u00eatre et c\u2019est en ce sens qu\u2019il doit se soumettre \u00e0 l\u2019autorit\u00e9 des \u00e9v\u00eaques. Chose r\u00e9volutionnaire \u00e0 l\u2019\u00e9poque.<\/p>\n\n\n\n<p>G\u00e9lase se fait \u00e9galement conna\u00eetre en mettant un terme aux pratiques religieuses pa\u00efennes encore en cours dans l\u2019empire Romain, notamment les Lupercales, des f\u00eates orgiaques de purification qui avaient lieu entre le 13 et le 15 f\u00e9vrier et qu\u2019il remplacera par la Saint-Valentin, en hommage \u00e0 Valentin de Tremi.<\/p>\n\n\n\n<h2 class=\"wp-block-heading\">Un pape maghr\u00e9bin \u00e0 l\u2019origine de la Saint-Valentin?<\/h2>\n\n\n\n<p>Il est aussi celui qui instaura une discipline au sein de l\u2019\u00e9glise en veillant au comportement des pr\u00eatres et \u00e0 leur recrutement. Un probl\u00e8me toujours d\u2019actualit\u00e9\u2026C\u2019est aussi \u00e0 lui que l\u2019on doit la r\u00e9partition des revenus de l\u2019\u00e9glise dont une partie reviendra d\u00e9sormais \u00e0 la construction et l\u2019entretien des \u00e9difices de culte.<\/p>\n\n\n\n<h3 class=\"wp-block-heading\">Par&nbsp;Zineb Ibnouzahir<\/h3>\n","protected":false},"excerpt":{"rendered":"<p>G\u00e9lase Ier\u00a9 Copyright : DR Le catholicisme romain est loin d\u2019avoir \u00e9t\u00e9 repr\u00e9sent\u00e9 uniquement par des figures europ\u00e9ennes. A trois reprises dans l\u2019histoire, l\u2019\u00e9glise a nomm\u00e9 \u00e0 sa t\u00eate des&hellip; <\/p>\n","protected":false},"author":87,"featured_media":15267,"comment_status":"open","ping_status":"closed","sticky":false,"template":"","format":"standard","meta":{"_bbp_topic_count":0,"_bbp_reply_count":0,"_bbp_total_topic_count":0,"_bbp_total_reply_count":0,"_bbp_voice_count":0,"_bbp_anonymous_reply_count":0,"_bbp_topic_count_hidden":0,"_bbp_reply_count_hidden":0,"_bbp_forum_subforum_count":0,"ngg_post_thumbnail":0},"categories":[108,116,102,103],"tags":[],"_links":{"self":[{"href":"https:\/\/maghreb-observateur.com\/index.php?rest_route=\/wp\/v2\/posts\/15266"}],"collection":[{"href":"https:\/\/maghreb-observateur.com\/index.php?rest_route=\/wp\/v2\/posts"}],"about":[{"href":"https:\/\/maghreb-observateur.com\/index.php?rest_route=\/wp\/v2\/types\/post"}],"author":[{"embeddable":true,"href":"https:\/\/maghreb-observateur.com\/index.php?rest_route=\/wp\/v2\/users\/87"}],"replies":[{"embeddable":true,"href":"https:\/\/maghreb-observateur.com\/index.php?rest_route=%2Fwp%2Fv2%2Fcomments&post=15266"}],"version-history":[{"count":3,"href":"https:\/\/maghreb-observateur.com\/index.php?rest_route=\/wp\/v2\/posts\/15266\/revisions"}],"predecessor-version":[{"id":21972,"href":"https:\/\/maghreb-observateur.com\/index.php?rest_route=\/wp\/v2\/posts\/15266\/revisions\/21972"}],"wp:featuredmedia":[{"embeddable":true,"href":"https:\/\/maghreb-observateur.com\/index.php?rest_route=\/wp\/v2\/media\/15267"}],"wp:attachment":[{"href":"https:\/\/maghreb-observateur.com\/index.php?rest_route=%2Fwp%2Fv2%2Fmedia&parent=15266"}],"wp:term":[{"taxonomy":"category","embeddable":true,"href":"https:\/\/maghreb-observateur.com\/index.php?rest_route=%2Fwp%2Fv2%2Fcategories&post=15266"},{"taxonomy":"post_tag","embeddable":true,"href":"https:\/\/maghreb-observateur.com\/index.php?rest_route=%2Fwp%2Fv2%2Ftags&post=15266"}],"curies":[{"name":"wp","href":"https:\/\/api.w.org\/{rel}","templated":true}]}}