{"id":15226,"date":"2022-05-24T16:27:27","date_gmt":"2022-05-24T21:27:27","guid":{"rendered":"https:\/\/maghreb-observateur.com\/?p=15226"},"modified":"2022-05-24T16:27:49","modified_gmt":"2022-05-24T21:27:49","slug":"il-est-maintenant-possible-de-presenter-une-demande-pour-le-nouveau-permis-de-travail-pour-les-travailleurs-qualifies-du-quebec","status":"publish","type":"post","link":"https:\/\/maghreb-observateur.com\/?p=15226","title":{"rendered":"Il est maintenant possible de pr\u00e9senter une demande pour le nouveau permis de travail pour les travailleurs qualifi\u00e9s du Qu\u00e9bec"},"content":{"rendered":"\n<figure class=\"wp-block-image size-large\"><a href=\"https:\/\/maghreb-observateur.com\/wp-content\/uploads\/2021\/05\/Depositphotos_30865337_xl-2015-1-scaled.jpg\" rel=\"shadowbox[sbpost-15226];player=img;\"><img decoding=\"async\" loading=\"lazy\" width=\"2560\" height=\"1707\" src=\"https:\/\/maghreb-observateur.com\/wp-content\/uploads\/2021\/05\/Depositphotos_30865337_xl-2015-1-scaled.jpg\" alt=\"\" class=\"wp-image-9083\" srcset=\"https:\/\/maghreb-observateur.com\/wp-content\/uploads\/2021\/05\/Depositphotos_30865337_xl-2015-1-scaled.jpg 2560w, https:\/\/maghreb-observateur.com\/wp-content\/uploads\/2021\/05\/Depositphotos_30865337_xl-2015-1-300x200.jpg 300w\" sizes=\"(max-width: 2560px) 100vw, 2560px\" \/><\/a><figcaption>Immigration Canada<\/figcaption><\/figure>\n\n\n\n<p><strong>Il est maintenant possible de pr\u00e9senter une demande pour le nouveau permis de travail pour les travailleurs qualifi\u00e9s du Qu\u00e9bec<\/strong><\/p>\n\n\n\n<p><strong>24&nbsp;mai&nbsp;2022 \u2014 Ottawa (Ontario) \u2014 <\/strong>Le gouvernement du Canada s\u2019est engag\u00e9 \u00e0 rem\u00e9dier aux graves p\u00e9nuries de main-d\u2019\u0153uvre qui se font sentir dans tout le pays en raison de la forte reprise \u00e9conomique du Canada apr\u00e8s la pand\u00e9mie. Les nouveaux arrivants au Canada continueront de jouer un r\u00f4le central dans le renforcement de nos collectivit\u00e9s, en fournissant des comp\u00e9tences et une main-d\u2019\u0153uvre indispensables \u00e0 court et \u00e0 long terme.<\/p>\n\n\n\n<p>Aujourd\u2019hui, l\u2019honorable Sean&nbsp;Fraser, ministre de l\u2019Immigration, des R\u00e9fugi\u00e9s et de la Citoyennet\u00e9, a annonc\u00e9 que le Programme de mobilit\u00e9 internationale plus (PMI+), une nouvelle option de permis de travail pour les candidats \u00e0 la r\u00e9sidence permanente s\u00e9lectionn\u00e9s par le Qu\u00e9bec, \u00e9tait d\u00e9sormais ouvert \u00e0 la pr\u00e9sentation de demandes.<\/p>\n\n\n\n<p>Jusqu\u2019\u00e0 pr\u00e9sent, les travailleurs qualifi\u00e9s de l\u2019\u00e9tranger s\u00e9lectionn\u00e9s par le Qu\u00e9bec devaient attendre que leur demande de r\u00e9sidence permanente soit approuv\u00e9e avant de pouvoir commencer \u00e0 vivre et \u00e0 travailler dans la province. Avec le permis de travail d\u00e9livr\u00e9 dans le cadre du PMI+, un demandeur qui a \u00e9t\u00e9 s\u00e9lectionn\u00e9 pour la r\u00e9sidence permanente par le Qu\u00e9bec, mais qui vit actuellement ailleurs, pourra d\u00e9m\u00e9nager dans la province et commencer \u00e0 y travailler et \u00e0 s\u2019installer plus t\u00f4t.<\/p>\n\n\n\n<p>Pour \u00eatre admissible \u00e0 un permis de travail ouvert r\u00e9serv\u00e9 \u00e0 la province dans le cadre du PMI+, un \u00e9tranger doit&nbsp;:<\/p>\n\n\n\n<p>\u00b7&nbsp;&nbsp;&nbsp;&nbsp;&nbsp;&nbsp;&nbsp;&nbsp; vivre \u00e0 l\u2019ext\u00e9rieur du Qu\u00e9bec lorsqu\u2019il pr\u00e9sente sa demande;<\/p>\n\n\n\n<p>\u00b7&nbsp;&nbsp;&nbsp;&nbsp;&nbsp;&nbsp;&nbsp;&nbsp; d\u00e9tenir un certificat de s\u00e9lection du Qu\u00e9bec (CSQ) qui prouve qu\u2019il a \u00e9t\u00e9 s\u00e9lectionn\u00e9 pour la r\u00e9sidence permanente au titre du <a href=\"https:\/\/nam12.safelinks.protection.outlook.com\/?url=https%3A%2F%2Fwww.quebec.ca%2Fimmigration%2Fprogrammes-immigration%2Fprogramme-regulier-travailleurs-qualifies&amp;data=05%7C01%7C%7C13345682230e4fa917f008da3dc40548%7C84df9e7fe9f640afb435aaaaaaaaaaaa%7C1%7C0%7C637890209360458766%7CUnknown%7CTWFpbGZsb3d8eyJWIjoiMC4wLjAwMDAiLCJQIjoiV2luMzIiLCJBTiI6Ik1haWwiLCJXVCI6Mn0%3D%7C3000%7C%7C%7C&amp;sdata=w0EuMqkUWoDJ6CJ5B3B61hWZgLUZO42%2FNTzhX03zjFM%3D&amp;reserved=0\">Programme des travailleurs qualifi\u00e9s r\u00e9gulier<\/a> ou du <a href=\"https:\/\/nam12.safelinks.protection.outlook.com\/?url=https%3A%2F%2Fwww.quebec.ca%2Fimmigration%2Fprogrammes-immigration%2Fintelligence-artificielle&amp;data=05%7C01%7C%7C13345682230e4fa917f008da3dc40548%7C84df9e7fe9f640afb435aaaaaaaaaaaa%7C1%7C0%7C637890209360458766%7CUnknown%7CTWFpbGZsb3d8eyJWIjoiMC4wLjAwMDAiLCJQIjoiV2luMzIiLCJBTiI6Ik1haWwiLCJXVCI6Mn0%3D%7C3000%7C%7C%7C&amp;sdata=lDTcyAP1Dhv3t8Xk7q4VB69taTVUYFJgHeE6lLYLFVQ%3D&amp;reserved=0\">Programme pilote d\u2019immigration permanente des travailleurs de l\u2019intelligence artificielle, des technologies de l\u2019information et des effets visuels;<\/a><\/p>\n\n\n\n<p>\u00b7&nbsp;&nbsp;&nbsp;&nbsp;&nbsp;&nbsp;&nbsp;&nbsp; avoir re\u00e7u une lettre d\u2019invitation dans le cadre du PMI+ du minist\u00e8re de l\u2019Immigration, de la Francisation et de l\u2019Int\u00e9gration (MIFI) du Qu\u00e9bec;<\/p>\n\n\n\n<p>\u00b7&nbsp;&nbsp;&nbsp;&nbsp;&nbsp;&nbsp;&nbsp;&nbsp; soumettre une demande compl\u00e8te de permis de travail, y compris les frais applicables.<\/p>\n\n\n\n<p>Si sa demande est approuv\u00e9e, le demandeur recevra un permis de travail ouvert r\u00e9serv\u00e9 \u00e0 la province valide pendant 3&nbsp;ans, lui permettant de travailler pour presque n\u2019importe quel employeur au Qu\u00e9bec. Les membres de la famille qui accompagnent le demandeur pourront \u00e9galement obtenir des permis de travail ouverts et d\u2019\u00e9tudes dans le cadre de mesures existantes.<\/p>\n\n\n\n<p>Pour 2022, le plafond a \u00e9t\u00e9 fix\u00e9 \u00e0 14\u2009700&nbsp;demandes au titre du PMI+, pour refl\u00e9ter le fait que les personnes qui ont re\u00e7u des CSQ au cours des derni\u00e8res ann\u00e9es pourraient y \u00eatre admissibles. \u00c0 partir de 2023, le plafond annuel de demandes accept\u00e9es sera fix\u00e9 \u00e0 7\u2009350.&nbsp;<\/p>\n\n\n\n<p>Ce nouveau permis de travail ouvert contribuera \u00e0 rem\u00e9dier aux p\u00e9nuries de main-d\u2019\u0153uvre partout au Qu\u00e9bec, tout en continuant de promouvoir le Canada comme destination de choix pour les talents de partout dans le monde.<\/p>\n\n\n\n<p><strong>Citation&nbsp;<\/strong><\/p>\n\n\n\n<p>\u00ab&nbsp;Alors que l\u2019\u00e9conomie du Canada continue de cro\u00eetre et de se remettre de la pand\u00e9mie, une de nos grandes priorit\u00e9s est de relever les d\u00e9fis du march\u00e9 du travail auxquels sont confront\u00e9s les employeurs. Nous reconnaissons que les p\u00e9nuries de main-d\u2019\u0153uvre sont particuli\u00e8rement graves pour de nombreux secteurs au Qu\u00e9bec, et l\u2019initiative du PMI+ acc\u00e9l\u00e9rera l\u2019arriv\u00e9e de travailleurs qualifi\u00e9s dans la province et aidera les nouveaux arrivants \u00e0 s\u2019installer rapidement dans leurs nouvelles collectivit\u00e9s.&nbsp;\u00bb<\/p>\n\n\n\n<p>\u2013&nbsp;L\u2019honorable Sean&nbsp;Fraser, ministre de l\u2019Immigration, des R\u00e9fugi\u00e9s et de la Citoyennet\u00e9<\/p>\n\n\n\n<p><strong>Faits en bref<\/strong><\/p>\n\n\n\n<p>\u00b7&nbsp;&nbsp;&nbsp;&nbsp;&nbsp;&nbsp;&nbsp;&nbsp; En vertu de l\u2019Accord Canada-Qu\u00e9bec, la province est responsable de la s\u00e9lection des immigrants dans certaines cat\u00e9gories d\u2019immigration, dont l\u2019immigration \u00e9conomique, qui souhaitent venir dans la province.<\/p>\n\n\n\n<p>\u00b7&nbsp;&nbsp;&nbsp;&nbsp;&nbsp;&nbsp;&nbsp;&nbsp; En 2021, plus de 25\u2009000&nbsp;travailleurs qualifi\u00e9s du Qu\u00e9bec ont \u00e9t\u00e9 admis en tant que r\u00e9sidents permanents, soit plus du double des quelque 12\u2009000&nbsp;admis en 2020 dans un contexte de restrictions importantes li\u00e9es \u00e0 la pand\u00e9mie. Au cours des 3&nbsp;premiers mois de 2022, plus de 7\u2009000 ont \u00e9t\u00e9 admis, soit plus que les 5\u2009700&nbsp;admis au cours des 3&nbsp;premiers mois de 2021.<\/p>\n\n\n\n<p>\u00b7&nbsp;&nbsp;&nbsp;&nbsp;&nbsp;&nbsp;&nbsp;&nbsp; En ao\u00fbt&nbsp;2021, Immigration, R\u00e9fugi\u00e9s et Citoyennet\u00e9 Canada a \u00e9galement \u00e9largi l\u2019admissibilit\u00e9 aux permis de travail ouverts transitoires pour y inclure les \u00e9trangers qui travaillaient d\u00e9j\u00e0 temporairement au Qu\u00e9bec et qui avaient pr\u00e9sent\u00e9 une demande de r\u00e9sidence permanente en tant que travailleurs qualifi\u00e9s du Qu\u00e9bec. Cela a permis aux travailleurs de continuer \u00e0 travailler en attendant que leur demande de r\u00e9sidence permanente soit finalis\u00e9e.<\/p>\n\n\n\n<p>\u00b7&nbsp;&nbsp;&nbsp;&nbsp;&nbsp;&nbsp;&nbsp;&nbsp; Avec l\u2019introduction du PMI+, en plus de permettre aux travailleurs qualifi\u00e9s du Qu\u00e9bec s\u2019y trouvant d\u00e9j\u00e0 de demander un permis de travail ouvert transitoire, les options disponibles pour les candidats s\u00e9lectionn\u00e9s par le Qu\u00e9bec sont plus \u00e9troitement align\u00e9es sur les options disponibles pour ceux des autres provinces et territoires du Canada.<\/p>\n\n\n\n<p>\u00b7&nbsp;&nbsp;&nbsp;&nbsp;&nbsp;&nbsp;&nbsp;&nbsp; Dans le cadre d\u2019autres accords f\u00e9d\u00e9raux-provinciaux\/territoriaux sur l\u2019immigration, les demandeurs qui ont \u00e9t\u00e9 d\u00e9sign\u00e9s pour la r\u00e9sidence permanente dans le cadre d\u2019un programme des candidats provincial ou territorial sont g\u00e9n\u00e9ralement admissibles \u00e0 un permis de travail lorsqu\u2019ils pr\u00e9sentent une demande de r\u00e9sidence permanente \u00e0 Immigration, R\u00e9fugi\u00e9s et Citoyennet\u00e9 Canada.<\/p>\n\n\n\n<p><strong>Liens connexes<\/strong><\/p>\n\n\n\n<p>\u00b7&nbsp;&nbsp;&nbsp;&nbsp;&nbsp;&nbsp;&nbsp;&nbsp; Communiqu\u00e9&nbsp;: <a href=\"https:\/\/nam12.safelinks.protection.outlook.com\/?url=https%3A%2F%2Fwww.canada.ca%2Ffr%2Femploi-developpement-social%2Fnouvelles%2F2022%2F04%2Fle-gouvernement-du-canada-de-concert-avec-le-gouvernement-du-quebec-continue-dinstaurer-de-nouvelles-flexibilites-pour-combler-les-penuries-de-main.html&amp;data=05%7C01%7C%7C13345682230e4fa917f008da3dc40548%7C84df9e7fe9f640afb435aaaaaaaaaaaa%7C1%7C0%7C637890209360458766%7CUnknown%7CTWFpbGZsb3d8eyJWIjoiMC4wLjAwMDAiLCJQIjoiV2luMzIiLCJBTiI6Ik1haWwiLCJXVCI6Mn0%3D%7C3000%7C%7C%7C&amp;sdata=BR9vkgkrYN303p6hoXbGaqNVGMPjixzkuPpOK236tyQ%3D&amp;reserved=0\">Le gouvernement du Canada, de concert avec le gouvernement du Qu\u00e9bec, continue d\u2019instaurer de nouvelles flexibilit\u00e9s pour combler les p\u00e9nuries de main-d\u2019\u0153uvre<\/a><\/p>\n\n\n\n<p>\u00b7&nbsp;&nbsp;&nbsp;&nbsp;&nbsp;&nbsp;&nbsp;&nbsp; Communiqu\u00e9&nbsp;: <a href=\"https:\/\/nam12.safelinks.protection.outlook.com\/?url=https%3A%2F%2Fwww.canada.ca%2Ffr%2Femploi-developpement-social%2Fnouvelles%2F2021%2F08%2Ftfw-agreement-with-quebec-000951-news-release.html&amp;data=05%7C01%7C%7C13345682230e4fa917f008da3dc40548%7C84df9e7fe9f640afb435aaaaaaaaaaaa%7C1%7C0%7C637890209360458766%7CUnknown%7CTWFpbGZsb3d8eyJWIjoiMC4wLjAwMDAiLCJQIjoiV2luMzIiLCJBTiI6Ik1haWwiLCJXVCI6Mn0%3D%7C3000%7C%7C%7C&amp;sdata=chPnxrh%2BGf23Za0WAQALvj0RmF47kQL%2BEWk7Bm413Sg%3D&amp;reserved=0\">Le gouvernement du Canada annonce la conclusion d\u2019une entente avec le gouvernement du Qu\u00e9bec pour lancer un projet pilote dans le cadre du Programme des travailleurs \u00e9trangers temporaires<\/a><\/p>\n\n\n\n<p>\u00b7&nbsp;&nbsp;&nbsp;&nbsp;&nbsp;&nbsp;&nbsp;&nbsp; Donn\u00e9es ouvertes&nbsp;: <a href=\"https:\/\/nam12.safelinks.protection.outlook.com\/?url=https%3A%2F%2Fopen.canada.ca%2Fdata%2Ffr%2Fdataset%2Ff7e5498e-0ad8-4417-85c9-9b8aff9b9eda%2Fresource%2F5582034d-8f89-49d5-8597-483d628078a1&amp;data=05%7C01%7C%7C13345682230e4fa917f008da3dc40548%7C84df9e7fe9f640afb435aaaaaaaaaaaa%7C1%7C0%7C637890209360458766%7CUnknown%7CTWFpbGZsb3d8eyJWIjoiMC4wLjAwMDAiLCJQIjoiV2luMzIiLCJBTiI6Ik1haWwiLCJXVCI6Mn0%3D%7C3000%7C%7C%7C&amp;sdata=luOABMpXruJ2pVOR9kQ%2Bf7i0loP0iq5teDKoWtazYtg%3D&amp;reserved=0\">Admissions des r\u00e9sidents permanents selon la province&nbsp;\/&nbsp;le territoire de destination envisag\u00e9(e) et la cat\u00e9gorie d\u2019immigration<\/a><\/p>\n\n\n\n<p>\u00b7&nbsp;&nbsp;&nbsp;&nbsp;&nbsp;&nbsp;&nbsp;&nbsp; <a href=\"https:\/\/nam12.safelinks.protection.outlook.com\/?url=https%3A%2F%2Fwww.canada.ca%2Ffr%2Fimmigration-refugies-citoyennete%2Fservices%2Fimmigrer-canada%2Ftravailleurs-qualifies-quebec%2Fprogramme-mobilite-internationale-plus-csq.html&amp;data=05%7C01%7C%7C13345682230e4fa917f008da3dc40548%7C84df9e7fe9f640afb435aaaaaaaaaaaa%7C1%7C0%7C637890209360458766%7CUnknown%7CTWFpbGZsb3d8eyJWIjoiMC4wLjAwMDAiLCJQIjoiV2luMzIiLCJBTiI6Ik1haWwiLCJXVCI6Mn0%3D%7C3000%7C%7C%7C&amp;sdata=MJTpTntF59x7Vkuj7T5rYvK78pYNUf26HUfLfvTqMJM%3D&amp;reserved=0\">Demander le permis de travail dans le cadre du Programme de mobilit\u00e9 internationale Plus<\/a><\/p>\n\n\n\n<p><strong>Suivez-nous!<\/strong><\/p>\n\n\n\n<p>\u00b7&nbsp;&nbsp;&nbsp;&nbsp;&nbsp;&nbsp;&nbsp;&nbsp; <a href=\"https:\/\/nam12.safelinks.protection.outlook.com\/?url=https%3A%2F%2Fwww.facebook.com%2FCitImmCanFR%2F&amp;data=05%7C01%7C%7C13345682230e4fa917f008da3dc40548%7C84df9e7fe9f640afb435aaaaaaaaaaaa%7C1%7C0%7C637890209360458766%7CUnknown%7CTWFpbGZsb3d8eyJWIjoiMC4wLjAwMDAiLCJQIjoiV2luMzIiLCJBTiI6Ik1haWwiLCJXVCI6Mn0%3D%7C3000%7C%7C%7C&amp;sdata=9oZwCXPuiICBnbbgZ8h1hyXX1wVkJ7xMMKz1PDN9MNY%3D&amp;reserved=0\">Facebook.com\/CitImmCanFR<\/a><\/p>\n\n\n\n<p>\u00b7&nbsp;&nbsp;&nbsp;&nbsp;&nbsp;&nbsp;&nbsp;&nbsp; <a href=\"https:\/\/nam12.safelinks.protection.outlook.com\/?url=https%3A%2F%2Ftwitter.com%2FCitImmCanFR&amp;data=05%7C01%7C%7C13345682230e4fa917f008da3dc40548%7C84df9e7fe9f640afb435aaaaaaaaaaaa%7C1%7C0%7C637890209360458766%7CUnknown%7CTWFpbGZsb3d8eyJWIjoiMC4wLjAwMDAiLCJQIjoiV2luMzIiLCJBTiI6Ik1haWwiLCJXVCI6Mn0%3D%7C3000%7C%7C%7C&amp;sdata=WDFlGxsw1RMWlbyw92atLkWXHRw9l871Wts3k0Ua1Pk%3D&amp;reserved=0\">twitter.com\/CitImmCanFR<\/a><\/p>\n\n\n\n<p>\u00b7\u00a0\u00a0\u00a0\u00a0\u00a0\u00a0\u00a0\u00a0 <a href=\"https:\/\/nam12.safelinks.protection.outlook.com\/?url=https%3A%2F%2Fwww.instagram.com%2FCitImmCanFR&amp;data=05%7C01%7C%7C13345682230e4fa917f008da3dc40548%7C84df9e7fe9f640afb435aaaaaaaaaaaa%7C1%7C0%7C637890209360615002%7CUnknown%7CTWFpbGZsb3d8eyJWIjoiMC4wLjAwMDAiLCJQIjoiV2luMzIiLCJBTiI6Ik1haWwiLCJXVCI6Mn0%3D%7C3000%7C%7C%7C&amp;sdata=gSq2dSpn6cdMg6rh1uvAzZ%2FoDaGUmIGVRaNS88FJ1b8%3D&amp;reserved=0\">instagram.com\/CitImmCanFR<\/a><\/p>\n","protected":false},"excerpt":{"rendered":"<p>Il est maintenant possible de pr\u00e9senter une demande pour le nouveau permis de travail pour les travailleurs qualifi\u00e9s du Qu\u00e9bec 24&nbsp;mai&nbsp;2022 \u2014 Ottawa (Ontario) \u2014 Le gouvernement du Canada s\u2019est&hellip; <\/p>\n","protected":false},"author":87,"featured_media":8259,"comment_status":"open","ping_status":"closed","sticky":false,"template":"","format":"standard","meta":{"_bbp_topic_count":0,"_bbp_reply_count":0,"_bbp_total_topic_count":0,"_bbp_total_reply_count":0,"_bbp_voice_count":0,"_bbp_anonymous_reply_count":0,"_bbp_topic_count_hidden":0,"_bbp_reply_count_hidden":0,"_bbp_forum_subforum_count":0,"ngg_post_thumbnail":0},"categories":[109,193,113],"tags":[],"_links":{"self":[{"href":"https:\/\/maghreb-observateur.com\/index.php?rest_route=\/wp\/v2\/posts\/15226"}],"collection":[{"href":"https:\/\/maghreb-observateur.com\/index.php?rest_route=\/wp\/v2\/posts"}],"about":[{"href":"https:\/\/maghreb-observateur.com\/index.php?rest_route=\/wp\/v2\/types\/post"}],"author":[{"embeddable":true,"href":"https:\/\/maghreb-observateur.com\/index.php?rest_route=\/wp\/v2\/users\/87"}],"replies":[{"embeddable":true,"href":"https:\/\/maghreb-observateur.com\/index.php?rest_route=%2Fwp%2Fv2%2Fcomments&post=15226"}],"version-history":[{"count":1,"href":"https:\/\/maghreb-observateur.com\/index.php?rest_route=\/wp\/v2\/posts\/15226\/revisions"}],"predecessor-version":[{"id":15227,"href":"https:\/\/maghreb-observateur.com\/index.php?rest_route=\/wp\/v2\/posts\/15226\/revisions\/15227"}],"wp:featuredmedia":[{"embeddable":true,"href":"https:\/\/maghreb-observateur.com\/index.php?rest_route=\/wp\/v2\/media\/8259"}],"wp:attachment":[{"href":"https:\/\/maghreb-observateur.com\/index.php?rest_route=%2Fwp%2Fv2%2Fmedia&parent=15226"}],"wp:term":[{"taxonomy":"category","embeddable":true,"href":"https:\/\/maghreb-observateur.com\/index.php?rest_route=%2Fwp%2Fv2%2Fcategories&post=15226"},{"taxonomy":"post_tag","embeddable":true,"href":"https:\/\/maghreb-observateur.com\/index.php?rest_route=%2Fwp%2Fv2%2Ftags&post=15226"}],"curies":[{"name":"wp","href":"https:\/\/api.w.org\/{rel}","templated":true}]}}