{"id":15198,"date":"2022-05-23T09:51:03","date_gmt":"2022-05-23T14:51:03","guid":{"rendered":"https:\/\/maghreb-observateur.com\/?p=15198"},"modified":"2022-05-23T10:00:33","modified_gmt":"2022-05-23T15:00:33","slug":"taiwan-les-etats-unis-defendront-lile-contre-une-invasion-chinoise-assure-joe-biden","status":"publish","type":"post","link":"https:\/\/maghreb-observateur.com\/?p=15198","title":{"rendered":"TA\u00cfWAN : LES ETATS-UNIS D\u00c9FENDRONT L&#8217;\u00ceLE CONTRE UNE INVASION CHINOISE, ASSURE JOE BIDEN"},"content":{"rendered":"\n<p><img decoding=\"async\" loading=\"lazy\" width=\"750\" height=\"422\" src=\"https:\/\/static.cnews.fr\/sites\/default\/files\/styles\/image_750_422\/public\/000_32au2wm_628b4d538eb65_0.jpg?itok=A0iI3VEx\" alt=\"\">Le chef d\u2019\u00c9tat am\u00e9ricain Joe Biden a estim\u00e9 lundi que la Chine flirtait \u00abavec le danger\u00bb. <\/p>\n\n\n\n<p>Le pr\u00e9sident des Etats-Unis Joe Biden a mis en garde la Chine, lundi \u00e0 Tokyo (Japon), sur une \u00e9ventuelle invasion de Ta\u00efwan. Dans ce cas de figure, il a assur\u00e9 que son pays n\u2019h\u00e9siterait pas \u00e0 prendre les armes pour d\u00e9fendre l\u2019\u00eele.<\/p>\n\n\n\n<figure class=\"wp-block-embed is-type-video is-provider-youtube wp-block-embed-youtube wp-embed-aspect-16-9 wp-has-aspect-ratio\"><div class=\"wp-block-embed__wrapper\">\n<iframe loading=\"lazy\" title=\"Joe Biden says US would defend Taiwan if attacked by China\" width=\"1110\" height=\"624\" src=\"https:\/\/www.youtube.com\/embed\/uwgg50I3Vx0?feature=oembed\" frameborder=\"0\" allow=\"accelerometer; autoplay; clipboard-write; encrypted-media; gyroscope; picture-in-picture\" allowfullscreen><\/iframe>\n<\/div><\/figure>\n\n\n\n<p>Un avertissement clair. Le chef d\u2019\u00c9tat am\u00e9ricain\u00a0Joe Biden\u00a0a estim\u00e9 lundi que la Chine flirtait \u00abavec le danger\u00bb et pr\u00e9venu que les Etats-Unis d\u00e9fendraient militairement Ta\u00efwan si P\u00e9kin envahissait l&#8217;\u00eele autonome, deuxi\u00e8me engagement de ce type qu&#8217;il prend en huit mois.<\/p>\n\n\n\n<p>\u00abC&#8217;est l&#8217;engagement que nous avons pris\u00bb, a d\u00e9clar\u00e9 le 46e pr\u00e9sident am\u00e9ricain quand on lui a demand\u00e9 lors d&#8217;une conf\u00e9rence de presse \u00e0 Tokyo si les\u00a0Etats-Unis\u00a0interviendraient militairement en cas de tentative chinoise de s&#8217;emparer de Ta\u00efwan par la force.<\/p>\n\n\n\n<p>\u00abNous \u00e9tions d&#8217;accord avec la politique d&#8217;une seule Chine, nous l&#8217;avons sign\u00e9e mais l&#8217;id\u00e9e que (Ta\u00efwan) puisse \u00eatre pris par la force n&#8217;est tout simplement pas appropri\u00e9e, a-t-il pr\u00e9cis\u00e9. Cela disloquera l&#8217;ensemble de la r\u00e9gion et constituera une action similaire \u00e0 ce qui s&#8217;est pass\u00e9 en Ukraine\u00bb.<\/p>\n\n\n\n<h2 class=\"wp-block-heading\">LE JAPON SURVEILLE \u00c9GALEMENT LA CHINE<\/h2>\n\n\n\n<p>Pour le pr\u00e9sident am\u00e9ricain, les Chinois \u00abflirtent avec le danger en ce moment en volant si pr\u00e8s (de Ta\u00efwan) et avec toutes les man\u0153uvres qu&#8217;ils entreprennent\u00bb.<\/p>\n\n\n\n<p>Joe Biden a fait ces d\u00e9clarations lors d&#8217;une conf\u00e9rence de presse commune avec le Premier ministre japonais Fumio Kishida, apr\u00e8s des entretiens \u00e0 Tokyo.<\/p>\n\n\n\n<p>Fumio Kishida a de son c\u00f4t\u00e9 d\u00e9clar\u00e9 que le Japon et les Etats-Unis \u00abvont surveiller les r\u00e9centes activit\u00e9s de la marine chinoise, ainsi que les mouvements li\u00e9s aux exercices conjoints de la Chine et de la Russie\u00bb.<\/p>\n\n\n\n<h2 class=\"wp-block-heading\">LA R\u00c9PONSE DE P\u00c9KIN<\/h2>\n\n\n\n<p>\u00abNous nous opposons fermement aux tentatives de changer le statu quo par la force en mer de Chine orientale et en mer de Chine m\u00e9ridionale\u00bb, a ajout\u00e9 le ministre japonais. \u00abDe plus, nous sommes convenus de nous occuper ensemble de diverses questions li\u00e9es \u00e0 la Chine, dont celle des droits humains\u00bb, a-t-il d\u00e9clar\u00e9.<\/p>\n\n\n\n<figure class=\"wp-block-image\"><a href=\"https:\/\/www.cnews.fr\/monde\/2022-05-19\/otan-joe-biden-estime-que-la-suede-et-la-finlande-remplissent-les-criteres-1219961\" title=\"\u00abAujourd'hui, je suis fier d'assurer la Su\u00e8de et le Finlande qu'elles ont le soutien total et complet des Etats-Unis d'Am\u00e9rique\u00bb, a lanc\u00e9 Joe Biden. [MANDEL NGAN \/ AFP]\"><img decoding=\"async\" src=\"https:\/\/static.cnews.fr\/sites\/default\/files\/styles\/image_375_210\/public\/000_32ag9rb-taille1200_628665c5a5188_0.jpg?itok=1turhaeE\" alt=\"\" title=\"\u00abAujourd'hui, je suis fier d'assurer la Su\u00e8de et le Finlande qu'elles ont le soutien total et complet des Etats-Unis d'Am\u00e9rique\u00bb, a lanc\u00e9 Joe Biden. [MANDEL NGAN \/ AFP]\"\/><\/a><\/figure>\n\n\n\n<p>Disant s&#8217;attendre \u00e0 ce qu&#8217;une telle invasion n&#8217;ait \u00abpas lieu\u00bb, Joe Biden a toutefois d\u00e9clar\u00e9 que cela d\u00e9pendrait \u00abde la force avec laquelle le monde fait comprendre\u00bb \u00e0 la Chine le prix qu&#8217;elle aurait \u00e0 payer en cas d&#8217;invasion.<\/p>\n\n\n\n<p>P\u00e9kin a rapidement r\u00e9agi en appelant le pr\u00e9sident am\u00e9ricain \u00e0 \u00abne pas sous-estimer\u00bb sa \u00abferme d\u00e9termination\u00bb \u00e0 \u00abprot\u00e9ger sa souverainet\u00e9\u00bb.<\/p>\n\n\n\n<p>\u00abNous demandons instamment aux Etats-Unis d&#8217;\u00e9viter d&#8217;envoyer de mauvais signaux aux forces ind\u00e9pendantistes\u00bb de Ta\u00efwan, a d\u00e9clar\u00e9 devant la presse Wang Wenbin, un porte-parole du minist\u00e8re des Affaires \u00e9trang\u00e8res.<\/p>\n\n\n\n<p>Source : C News<\/p>\n","protected":false},"excerpt":{"rendered":"<p>Le chef d\u2019\u00c9tat am\u00e9ricain Joe Biden a estim\u00e9 lundi que la Chine flirtait \u00abavec le danger\u00bb. Le pr\u00e9sident des Etats-Unis Joe Biden a mis en garde la Chine, lundi \u00e0&hellip; <\/p>\n","protected":false},"author":87,"featured_media":0,"comment_status":"open","ping_status":"closed","sticky":false,"template":"","format":"standard","meta":{"_bbp_topic_count":0,"_bbp_reply_count":0,"_bbp_total_topic_count":0,"_bbp_total_reply_count":0,"_bbp_voice_count":0,"_bbp_anonymous_reply_count":0,"_bbp_topic_count_hidden":0,"_bbp_reply_count_hidden":0,"_bbp_forum_subforum_count":0,"ngg_post_thumbnail":0},"categories":[99,101,204],"tags":[],"_links":{"self":[{"href":"https:\/\/maghreb-observateur.com\/index.php?rest_route=\/wp\/v2\/posts\/15198"}],"collection":[{"href":"https:\/\/maghreb-observateur.com\/index.php?rest_route=\/wp\/v2\/posts"}],"about":[{"href":"https:\/\/maghreb-observateur.com\/index.php?rest_route=\/wp\/v2\/types\/post"}],"author":[{"embeddable":true,"href":"https:\/\/maghreb-observateur.com\/index.php?rest_route=\/wp\/v2\/users\/87"}],"replies":[{"embeddable":true,"href":"https:\/\/maghreb-observateur.com\/index.php?rest_route=%2Fwp%2Fv2%2Fcomments&post=15198"}],"version-history":[{"count":2,"href":"https:\/\/maghreb-observateur.com\/index.php?rest_route=\/wp\/v2\/posts\/15198\/revisions"}],"predecessor-version":[{"id":15200,"href":"https:\/\/maghreb-observateur.com\/index.php?rest_route=\/wp\/v2\/posts\/15198\/revisions\/15200"}],"wp:attachment":[{"href":"https:\/\/maghreb-observateur.com\/index.php?rest_route=%2Fwp%2Fv2%2Fmedia&parent=15198"}],"wp:term":[{"taxonomy":"category","embeddable":true,"href":"https:\/\/maghreb-observateur.com\/index.php?rest_route=%2Fwp%2Fv2%2Fcategories&post=15198"},{"taxonomy":"post_tag","embeddable":true,"href":"https:\/\/maghreb-observateur.com\/index.php?rest_route=%2Fwp%2Fv2%2Ftags&post=15198"}],"curies":[{"name":"wp","href":"https:\/\/api.w.org\/{rel}","templated":true}]}}