{"id":15111,"date":"2022-05-19T07:15:46","date_gmt":"2022-05-19T12:15:46","guid":{"rendered":"https:\/\/maghreb-observateur.com\/?p=15111"},"modified":"2022-05-19T07:15:52","modified_gmt":"2022-05-19T12:15:52","slug":"engouement-pour-lapprentissage-de-lhebreu-au-maroc","status":"publish","type":"post","link":"https:\/\/maghreb-observateur.com\/?p=15111","title":{"rendered":"Engouement pour l\u2019apprentissage de l\u2019h\u00e9breu au Maroc"},"content":{"rendered":"\n<figure class=\"wp-block-image\"><img decoding=\"async\" src=\"https:\/\/www.h24info.ma\/wp-content\/uploads\/2022\/05\/essaouira.jpg\" alt=\"\"\/><\/figure>\n\n\n\n<p><strong>Depuis la reprise des relations entre le Maroc et Isra\u00ebl en 2020, les Marocains manifestent un engouement \u00e0 apprendre la langue h\u00e9bra\u00efque.<\/strong><\/p>\n\n\n\n<p>\u00ab&nbsp;Avec un nombre croissant de panneaux en h\u00e9breu dans les rues et sur les march\u00e9s, des cours d\u2019h\u00e9breu pour les guides touristiques locaux et des dipl\u00f4mes de ma\u00eetrise en h\u00e9breu, la langue juive semble prendre d\u2019assaut le Maroc&nbsp;\u00bb, \u00e9crit le m\u00e9dia en ligne isra\u00e9lien&nbsp;<em>Israel Hayom&nbsp;<\/em>dans un article publi\u00e9 hier, dimanche 15 mai.<\/p>\n\n\n\n<p>Depuis le r\u00e9tablissement des relations entre le Maroc et Isra\u00ebl en 2020, les Marocains manifestent un certain engouement pour l\u2019apprentissage de l\u2019h\u00e9breu. \u00ab&nbsp;Nous recevons de nombreuses demandes de cours d\u2019h\u00e9breu de la part de particuliers qui souhaitent conna\u00eetre la langue, tout simplement parce que les Marocains aiment les langues et sont connus pour en parler de nombreuses&nbsp;\u00bb, explique Einat Levi, conseill\u00e8re politique et \u00e9conomique au bureau de liaison d\u2019Isra\u00ebl \u00e0 Rabat.<\/p>\n\n\n\n<p>Levi pr\u00e9cise que \u00ab&nbsp;les propri\u00e9taires d\u2019entreprises et les prestataires de services sont \u00e9galement int\u00e9ress\u00e9s par l\u2019apprentissage de l\u2019h\u00e9breu, au vu de l\u2019opportunit\u00e9 \u00e9conomique&nbsp;\u00bb repr\u00e9sent\u00e9e par les \u00e9changes d\u00e9sormais favoris\u00e9s avec le march\u00e9 isra\u00e9lien.<\/p>\n\n\n\n<p>Selon le m\u00e9dia isra\u00e9lien, de plus en plus de commer\u00e7ants choisissent d\u2019inscrire sur leur enseigne une version h\u00e9bra\u00efque du nom de leur \u00e9choppe, \u00ab\u00a0r\u00e9jouis par le retour du tourisme isra\u00e9lien au Maroc\u00a0\u00bb. Dans le mellah (quartier juif) d\u2019Essaouira, ville qui accueillait une forte pr\u00e9sence juive au cours de l\u2019Histoire du Maroc, on peut lire une enseigne de pharmacie affich\u00e9e en h\u00e9breu.<\/p>\n\n\n\n<p>\u00ab&nbsp;Le signe h\u00e9breu est un symbole de renouveau culturel, une preuve du lien \u00e9troit entre la culture et le tourisme, et plus encore, il caract\u00e9rise des traces d\u2019appartenance&nbsp;\u00bb, poursuit la diplomate.<\/p>\n\n\n\n<p>Aujourd\u2019hui, entre 1500 et 2000 juifs vivent au Maroc (environ 1200 \u00e0 Casablanca, 120 \u00e0 Marrakech, 60 \u00e0 F\u00e8s et des dizaines d\u2019autres \u00e0 Mekn\u00e8s et Agadir). Des sources au sein de la communaut\u00e9 parlent de \u00ab&nbsp;l\u2019int\u00e9r\u00eat croissant des Isra\u00e9liens qui souhaitent s\u2019installer d\u00e9finitivement au Maroc pour des raisons professionnelles, ainsi que des retrait\u00e9s qui souhaitent s\u2019installer dans le pays en raison du co\u00fbt de la vie bon march\u00e9&nbsp;\u00bb.<\/p>\n\n\n\n<p>C\u00f4t\u00e9 tourisme, les \u00e9changes entre les deux pays s\u2019annoncent prometteurs, le Maroc pr\u00e9voyant la venue de 200 000 touristes isra\u00e9liens en 2022. A ce titre, Rabat pr\u00e9voit des cours d\u2019h\u00e9breu pour les guides touristiques locaux et ouvre en parall\u00e8le une nouvelle fili\u00e8re de master \u00e0 l\u2019Institut international du tourisme de Tanger. Ce master combinera des \u00e9tudes d\u2019h\u00e9breu avec des cours sur les sites du patrimoine juif au Maroc.<\/p>\n\n\n\n<p>Source : H24<\/p>\n","protected":false},"excerpt":{"rendered":"<p>Depuis la reprise des relations entre le Maroc et Isra\u00ebl en 2020, les Marocains manifestent un engouement \u00e0 apprendre la langue h\u00e9bra\u00efque. \u00ab&nbsp;Avec un nombre croissant de panneaux en h\u00e9breu&hellip; <\/p>\n","protected":false},"author":87,"featured_media":7933,"comment_status":"open","ping_status":"closed","sticky":false,"template":"","format":"standard","meta":{"_bbp_topic_count":0,"_bbp_reply_count":0,"_bbp_total_topic_count":0,"_bbp_total_reply_count":0,"_bbp_voice_count":0,"_bbp_anonymous_reply_count":0,"_bbp_topic_count_hidden":0,"_bbp_reply_count_hidden":0,"_bbp_forum_subforum_count":0,"ngg_post_thumbnail":0},"categories":[99,108,114],"tags":[220],"_links":{"self":[{"href":"https:\/\/maghreb-observateur.com\/index.php?rest_route=\/wp\/v2\/posts\/15111"}],"collection":[{"href":"https:\/\/maghreb-observateur.com\/index.php?rest_route=\/wp\/v2\/posts"}],"about":[{"href":"https:\/\/maghreb-observateur.com\/index.php?rest_route=\/wp\/v2\/types\/post"}],"author":[{"embeddable":true,"href":"https:\/\/maghreb-observateur.com\/index.php?rest_route=\/wp\/v2\/users\/87"}],"replies":[{"embeddable":true,"href":"https:\/\/maghreb-observateur.com\/index.php?rest_route=%2Fwp%2Fv2%2Fcomments&post=15111"}],"version-history":[{"count":1,"href":"https:\/\/maghreb-observateur.com\/index.php?rest_route=\/wp\/v2\/posts\/15111\/revisions"}],"predecessor-version":[{"id":15112,"href":"https:\/\/maghreb-observateur.com\/index.php?rest_route=\/wp\/v2\/posts\/15111\/revisions\/15112"}],"wp:featuredmedia":[{"embeddable":true,"href":"https:\/\/maghreb-observateur.com\/index.php?rest_route=\/wp\/v2\/media\/7933"}],"wp:attachment":[{"href":"https:\/\/maghreb-observateur.com\/index.php?rest_route=%2Fwp%2Fv2%2Fmedia&parent=15111"}],"wp:term":[{"taxonomy":"category","embeddable":true,"href":"https:\/\/maghreb-observateur.com\/index.php?rest_route=%2Fwp%2Fv2%2Fcategories&post=15111"},{"taxonomy":"post_tag","embeddable":true,"href":"https:\/\/maghreb-observateur.com\/index.php?rest_route=%2Fwp%2Fv2%2Ftags&post=15111"}],"curies":[{"name":"wp","href":"https:\/\/api.w.org\/{rel}","templated":true}]}}