{"id":14902,"date":"2022-05-11T17:06:49","date_gmt":"2022-05-11T22:06:49","guid":{"rendered":"https:\/\/maghreb-observateur.com\/?p=14902"},"modified":"2022-05-11T17:07:04","modified_gmt":"2022-05-11T22:07:04","slug":"sahara-marocain-la-republique-de-chypre-exprime-son-soutien-au-plan-dautonomie","status":"publish","type":"post","link":"https:\/\/maghreb-observateur.com\/?p=14902","title":{"rendered":"Sahara marocain : La R\u00e9publique de Chypre exprime son soutien au plan d&#8217;autonomie"},"content":{"rendered":"\n<p>\u00a0Agence Marocaine De Presse (MAP)\u00a0<\/p>\n\n\n\n<p><strong>Marrakech &#8211; Le ministre chypriote des Affaires \u00e9trang\u00e8res, Ioannis Kasoulides, a exprim\u00e9, mercredi \u00e0 Marrakech, le soutien de son pays au plan d\u2019autonomie au Sahara en tant que solution de compromis pour le r\u00e8glement de ce diff\u00e9rend. Cette position a \u00e9t\u00e9 exprim\u00e9e par M. Kasoulides lors d\u2019un point de presse conjoint avec le ministre des Affaires \u00e9trang\u00e8res, de la Coop\u00e9ration africaine<\/strong>. <\/p>\n\n\n\n<p><img decoding=\"async\" alt=\"\" src=\"https:\/\/img-s-msn-com.akamaized.net\/tenant\/amp\/entityid\/AAX9Xse.img?h=372&amp;w=630&amp;m=6&amp;q=60&amp;o=f&amp;l=f&amp;x=188&amp;y=59\"><\/p>\n\n\n\n<p>\u00a9 Pr\u00e9sent\u00e9 parMarrakech &#8211; <\/p>\n\n\n\n<p>Le ministre chypriote des Affaires \u00e9trang\u00e8res, Ioannis Kasoulides, a exprim\u00e9, mercredi \u00e0 Marrakech, le soutien de son pays au plan d\u2019autonomie au Sahara en tant que solution de compromis pour le r\u00e8glement de ce diff\u00e9rend.<\/p>\n\n\n\n<p>Cette position a \u00e9t\u00e9 exprim\u00e9e par M. Kasoulides lors d\u2019un point de presse conjoint avec le ministre des Affaires \u00e9trang\u00e8res, de la Coop\u00e9ration africaine et des Marocains r\u00e9sidant \u00e0 l\u2019\u00e9tranger, M. Nasser Bourita, en marge de la r\u00e9union minist\u00e9rielle de la Coalition mondiale contre Daech.<\/p>\n\n\n\n<p>Le chef de la diplomatie chypriote a mis l\u2019accent sur l\u2019appui de son pays au principe du respect de l\u2019int\u00e9grit\u00e9 territoriale des Etats et des r\u00e9solutions du Conseil de s\u00e9curit\u00e9 de l\u2019ONU, rejetant fermement toutes les tentatives du s\u00e9paratisme auxquelles fait face le Maroc, mais \u00e9galement Chypre.<\/p>\n\n\n\n<p>De son c\u00f4t\u00e9, M. Bourita a salu\u00e9 la position de soutien de la R\u00e9publique de Chypre en faveur de l\u2019int\u00e9grit\u00e9 territoriale du Royaume et d\u2019une solution de compromis sur la base du plan d\u2019autonomie, soulignant que cette position ouvre des perspectives nouvelles et fortes dans les relations bilat\u00e9rales.<\/p>\n\n\n\n<p>&#8220;Nous allons travailler ensemble aujourd\u2019hui pour \u00e9tablir une feuille de route de coop\u00e9ration bilat\u00e9rale dans tous les domaines&#8221;, a-t-il pr\u00e9cis\u00e9.<\/p>\n\n\n\n<p>M. Bourita a indiqu\u00e9 que cette position de Chypre vient conforter une dynamique aujourd\u2019hui claire aux niveaux europ\u00e9en et international en faveur de la solution propos\u00e9e par le Royaume du Maroc, qui se veut une solution bas\u00e9e sur le compromis dans le cadre d\u2019une autonomie uniquement respectueuse de la souverainet\u00e9 du Maroc et de son int\u00e9grit\u00e9 territoriale.<\/p>\n","protected":false},"excerpt":{"rendered":"<p>\u00a0Agence Marocaine De Presse (MAP)\u00a0 Marrakech &#8211; Le ministre chypriote des Affaires \u00e9trang\u00e8res, Ioannis Kasoulides, a exprim\u00e9, mercredi \u00e0 Marrakech, le soutien de son pays au plan d\u2019autonomie au Sahara&hellip; <\/p>\n","protected":false},"author":87,"featured_media":6530,"comment_status":"open","ping_status":"closed","sticky":false,"template":"","format":"standard","meta":{"_bbp_topic_count":0,"_bbp_reply_count":0,"_bbp_total_topic_count":0,"_bbp_total_reply_count":0,"_bbp_voice_count":0,"_bbp_anonymous_reply_count":0,"_bbp_topic_count_hidden":0,"_bbp_reply_count_hidden":0,"_bbp_forum_subforum_count":0,"ngg_post_thumbnail":0},"categories":[108,102,204],"tags":[],"_links":{"self":[{"href":"https:\/\/maghreb-observateur.com\/index.php?rest_route=\/wp\/v2\/posts\/14902"}],"collection":[{"href":"https:\/\/maghreb-observateur.com\/index.php?rest_route=\/wp\/v2\/posts"}],"about":[{"href":"https:\/\/maghreb-observateur.com\/index.php?rest_route=\/wp\/v2\/types\/post"}],"author":[{"embeddable":true,"href":"https:\/\/maghreb-observateur.com\/index.php?rest_route=\/wp\/v2\/users\/87"}],"replies":[{"embeddable":true,"href":"https:\/\/maghreb-observateur.com\/index.php?rest_route=%2Fwp%2Fv2%2Fcomments&post=14902"}],"version-history":[{"count":1,"href":"https:\/\/maghreb-observateur.com\/index.php?rest_route=\/wp\/v2\/posts\/14902\/revisions"}],"predecessor-version":[{"id":14903,"href":"https:\/\/maghreb-observateur.com\/index.php?rest_route=\/wp\/v2\/posts\/14902\/revisions\/14903"}],"wp:featuredmedia":[{"embeddable":true,"href":"https:\/\/maghreb-observateur.com\/index.php?rest_route=\/wp\/v2\/media\/6530"}],"wp:attachment":[{"href":"https:\/\/maghreb-observateur.com\/index.php?rest_route=%2Fwp%2Fv2%2Fmedia&parent=14902"}],"wp:term":[{"taxonomy":"category","embeddable":true,"href":"https:\/\/maghreb-observateur.com\/index.php?rest_route=%2Fwp%2Fv2%2Fcategories&post=14902"},{"taxonomy":"post_tag","embeddable":true,"href":"https:\/\/maghreb-observateur.com\/index.php?rest_route=%2Fwp%2Fv2%2Ftags&post=14902"}],"curies":[{"name":"wp","href":"https:\/\/api.w.org\/{rel}","templated":true}]}}