{"id":13565,"date":"2023-08-26T03:20:12","date_gmt":"2023-08-26T08:20:12","guid":{"rendered":"https:\/\/maghreb-observateur.com\/?p=13565"},"modified":"2023-08-26T03:20:12","modified_gmt":"2023-08-26T08:20:12","slug":"forte-hausse-des-cas-de-traite-detres-humains-au-maroc","status":"publish","type":"post","link":"https:\/\/maghreb-observateur.com\/?p=13565","title":{"rendered":"Forte hausse des cas de traite d\u2019\u00eatres humains au Maroc"},"content":{"rendered":"\n<figure class=\"wp-block-image\"><img decoding=\"async\" src=\"https:\/\/laquotidienne.ma\/uploads\/actualites\/620fa58a83412_photo%20South%20Programme.jpeg\" alt=\"Forte hausse des cas de traite d\u2019\u00eatres humains au Maroc\"\/><\/figure>\n\n\n\n<p>Au cours des trois derni\u00e8res ann\u00e9es, 700 cas de traite des \u00eatres humains ont \u00e9t\u00e9 enregistr\u00e9s sur le sol marocain.&nbsp;<\/p>\n\n\n\n<p>Les r\u00e9centes donn\u00e9es d\u00e9voil\u00e9es par le rapport de la Commission nationale de lutte et de pr\u00e9vention contre la traite des \u00eatres humains ne sont pas du tout \u00e0 prendre avec des pincettes puisqu\u2019elles r\u00e9v\u00e8lent au grand jour une r\u00e9alit\u00e9 accablante.&nbsp;<\/p>\n\n\n\n<p>En marge d\u2019une r\u00e9union tenue mardi 15 f\u00e9vrier en pr\u00e9sence d\u2019institutions onusiennes et europ\u00e9ennes, la Commission nationale de lutte et de pr\u00e9vention contre la traite des \u00eatres humains, pr\u00e9sid\u00e9e par le ministre de la Justice, Abdellatif Ouahbi, a r\u00e9v\u00e9l\u00e9 les r\u00e9sultats de son premier rapport annuel rendant compte du bilan d\u2019activit\u00e9s de deux ann\u00e9es de travail de ladite commission.&nbsp;<\/p>\n\n\n\n<p>Pr\u00e9sent\u00e9 par le directeur des Affaires p\u00e9nales et des gr\u00e2ces au minist\u00e8re de la Justice, Hicham Malati, le rapport souligne que la majorit\u00e9 des victimes sont des Marocains adultes, et que le pourcentage des victimes mineures, hommes ou femmes, s\u2019\u00e9l\u00e8ve \u00e0 47,41%.&nbsp;<\/p>\n\n\n\n<p>Pareillement, le nombre de cas enregistr\u00e9s a grimp\u00e9 de mani\u00e8re vertigineuse en passant de 17 cas en 2017 \u00e0 80 cas l\u2019ann\u00e9e suivante, avant d\u2019atteindre 151 cas en 2019.&nbsp;<\/p>\n\n\n\n<p>Lors de sa pr\u00e9sentation, Abdellatif Ouahbi a insist\u00e9 sur la voie l\u00e9gislative ainsi que sur les bonnes pratiques pour lutter contre ce ph\u00e9nom\u00e8ne. Il faut savoir que le traitement juridique du crime de la traite des \u00eatres humains est une nouveaut\u00e9 au Maroc. \u00abAuparavant, ce n\u2019\u00e9tait pas un crime isol\u00e9, n\u00e9anmoins, depuis 2016, il est consid\u00e9r\u00e9 comme un crime \u00e0 part enti\u00e8re comme il est pr\u00e9vu dans le protocole de \u00abPalerme\u00bb\u00bb, souligne Abderrafie Hamdi, directeur de la protection des droits de l\u2019homme et monitoring &nbsp;au CNDH et membre de la Commission nationale de lutte et de pr\u00e9vention contre la traite des \u00eatres humains.<\/p>\n\n\n\n<p>D\u2019apr\u00e8s le rapport, le nombre de victimes de sexe masculin a atteint actuellement 414 contre 305 du c\u00f4t\u00e9 des victimes de sexe f\u00e9minin, parmi lesquelles figurent 192 mineurs et 213 adultes. Le rapport recense 536 Marocains et 183 \u00e9trangers.&nbsp;<\/p>\n\n\n\n<p>Il en ressort \u00e9galement que l\u2019exploitation sexuelle est la forme la plus courante de la traite des \u00eatres humains, avec 283 cas, suivie de l\u2019exploitation de la mendicit\u00e9 (56 cas) et le travail forc\u00e9 (35 cas), outre les autres formes de traite et de trafic des \u00eatres humains.&nbsp;<\/p>\n\n\n\n<p>Ces donn\u00e9es co\u00efncident totalement avec les chiffres au niveau international. \u00abLe rapport de 2020 de l\u2019Office des Nations Unies contre les drogues et le crime r\u00e9v\u00e8le que 50% des crimes commis dans le monde lors de cette m\u00eame ann\u00e9e concernent l\u2019exploitation sexuelle.<\/p>\n\n\n\n<p>Les principales victimes d\u2019exploitation sexuelle sont les femmes, les enfants et les migrants en situation irr\u00e9guli\u00e8re\u00bb, fait savoir Abderrafie Hamdi.&nbsp;<\/p>\n\n\n\n<p>Le rapport a mis \u00e0 jour de nombreuses contraintes qui entravent la bonne application de la loi, en plus des difficult\u00e9s constat\u00e9es au niveau de sa mise en \u0153uvre. Ainsi, il a pr\u00e9sent\u00e9 un ensemble de recommandations qui ont \u00e9t\u00e9 propos\u00e9es par des acteurs actifs sur le terrain. Pour tenter d\u2019am\u00e9liorer la situation, un tant soit peu, \u00able Conseil national des droits de l\u2019homme a mis en place tout un dispositif visant \u00e0 former et accompagner des cadres au niveau r\u00e9gional afin qu\u2019ils soient en mesure de d\u00e9tecter ce type de crimes. La formation en question se fait en quatre ou cinq sessions\u00bb, explique-t-il.<\/p>\n\n\n\n<p>En tant que partie prenante de cette commission, le CNDH a contribu\u00e9, \u00e0 ce titre, \u00e0 la r\u00e9alisation dudit rapport, et a contribu\u00e9 \u00e0 toutes les campagnes de sensibilisation, au profit du grand public, sur la traite des \u00eatres humains.<\/p>\n\n\n\n<p>\u00abNous recevons un nombre non n\u00e9gligeable de plaintes et on remarque que dans la plupart du temps, les victimes sont dans le d\u00e9ni total de ce qui leur est arriv\u00e9 par peur\u00bb, ajoute Abderrafie Hamdi estimant qu\u2019il rel\u00e8ve de la responsabilit\u00e9 des institutions publiques d\u2019\u00e9clairer ces victimes en plus de leur donner les cl\u00e9s n\u00e9cessaires pour faire face \u00e0 ces situations compromettantes.&nbsp;<\/p>\n\n\n\n<p>Le nombre de personnes poursuivies dans des affaires de traite des \u00eatres humains a enregistr\u00e9 une augmentation significative au cours des trois ann\u00e9es \u00e9coul\u00e9es d\u00e9passant les 200% pour l\u2019ann\u00e9e 2018 et 96% pour l\u2019ann\u00e9e 2019.<\/p>\n\n\n\n<p>Ainsi, le nombre de personnes poursuivies dans ces affaires a atteint un total de 585 accus\u00e9s, adultes et mineurs, dont 84 \u00e9trangers et 144 femmes, \u00e9num\u00e8re le rapport.<\/p>\n\n\n\n<p>Source : La Quotidiene<\/p>\n","protected":false},"excerpt":{"rendered":"<p>Au cours des trois derni\u00e8res ann\u00e9es, 700 cas de traite des \u00eatres humains ont \u00e9t\u00e9 enregistr\u00e9s sur le sol marocain.&nbsp; Les r\u00e9centes donn\u00e9es d\u00e9voil\u00e9es par le rapport de la Commission&hellip; <\/p>\n","protected":false},"author":87,"featured_media":7979,"comment_status":"open","ping_status":"closed","sticky":false,"template":"","format":"standard","meta":{"_bbp_topic_count":0,"_bbp_reply_count":0,"_bbp_total_topic_count":0,"_bbp_total_reply_count":0,"_bbp_voice_count":0,"_bbp_anonymous_reply_count":0,"_bbp_topic_count_hidden":0,"_bbp_reply_count_hidden":0,"_bbp_forum_subforum_count":0,"ngg_post_thumbnail":0},"categories":[108,106,114],"tags":[],"_links":{"self":[{"href":"https:\/\/maghreb-observateur.com\/index.php?rest_route=\/wp\/v2\/posts\/13565"}],"collection":[{"href":"https:\/\/maghreb-observateur.com\/index.php?rest_route=\/wp\/v2\/posts"}],"about":[{"href":"https:\/\/maghreb-observateur.com\/index.php?rest_route=\/wp\/v2\/types\/post"}],"author":[{"embeddable":true,"href":"https:\/\/maghreb-observateur.com\/index.php?rest_route=\/wp\/v2\/users\/87"}],"replies":[{"embeddable":true,"href":"https:\/\/maghreb-observateur.com\/index.php?rest_route=%2Fwp%2Fv2%2Fcomments&post=13565"}],"version-history":[{"count":2,"href":"https:\/\/maghreb-observateur.com\/index.php?rest_route=\/wp\/v2\/posts\/13565\/revisions"}],"predecessor-version":[{"id":15491,"href":"https:\/\/maghreb-observateur.com\/index.php?rest_route=\/wp\/v2\/posts\/13565\/revisions\/15491"}],"wp:featuredmedia":[{"embeddable":true,"href":"https:\/\/maghreb-observateur.com\/index.php?rest_route=\/wp\/v2\/media\/7979"}],"wp:attachment":[{"href":"https:\/\/maghreb-observateur.com\/index.php?rest_route=%2Fwp%2Fv2%2Fmedia&parent=13565"}],"wp:term":[{"taxonomy":"category","embeddable":true,"href":"https:\/\/maghreb-observateur.com\/index.php?rest_route=%2Fwp%2Fv2%2Fcategories&post=13565"},{"taxonomy":"post_tag","embeddable":true,"href":"https:\/\/maghreb-observateur.com\/index.php?rest_route=%2Fwp%2Fv2%2Ftags&post=13565"}],"curies":[{"name":"wp","href":"https:\/\/api.w.org\/{rel}","templated":true}]}}