{"id":13245,"date":"2022-02-04T09:39:51","date_gmt":"2022-02-04T14:39:51","guid":{"rendered":"https:\/\/maghreb-observateur.com\/?p=13245"},"modified":"2022-02-04T09:41:32","modified_gmt":"2022-02-04T14:41:32","slug":"le-long-combat-pour-immigrer-au-canada","status":"publish","type":"post","link":"https:\/\/maghreb-observateur.com\/?p=13245","title":{"rendered":"Le long combat pour immigrer au Canada"},"content":{"rendered":"\n<p>\u00a0Marie-Pier Mercier<\/p>\n\n\n\n<p>Mari\u00e9 depuis 10 ans \u00e0 une Qu\u00e9b\u00e9coise avec qui il a fond\u00e9 une famille, Marco Mariatti a d\u00fb faire un v\u00e9ritable parcours du combattant avant d\u2019obtenir sa r\u00e9sidence permanente. Sa bataille men\u00e9e sur trois ans montre des rat\u00e9s du syst\u00e8me d\u2019immigration au Canada, accentu\u00e9s par la pand\u00e9mie.<\/p>\n\n\n\n<p>Andr\u00e9ane Paquet et Marco Mariatti se sont rencontr\u00e9s sur un bateau de croisi\u00e8re en Alaska, il y a 17 ans. Lui capitaine, elle commissaire de bord ; leur histoire d\u2019amour a engendr\u00e9 trois enfants.<\/p>\n\n\n\n<p>Sophia, 8 ans, Massimo, 5 ans et \u00c9milie, 3 ans, sont tous n\u00e9s en Italie. Leurs parents y ont v\u00e9cu 12 ans avant de s\u2019\u00e9tablir au Canada.<img decoding=\"async\" alt=\"Sophia, Massimo et \u00c9milie, trois ans, ont vu tr\u00e8s peu leur p\u00e8re pendant le processus d'immigration. \" src=\"https:\/\/img-s-msn-com.akamaized.net\/tenant\/amp\/entityid\/AATsXTM.img?h=564&amp;w=1002&amp;m=6&amp;q=60&amp;o=f&amp;l=f&amp;x=378&amp;y=192\">\u00a9 Andr\u00e9ane Paquet&nbsp;Sophia, Massimo et \u00c9milie, trois ans, ont vu tr\u00e8s peu leur p\u00e8re pendant le processus d&#8217;immigration.<\/p>\n\n\n\n<p>Marco Mariatti a fait sa demande de\u00a0r\u00e9sidence permanente en f\u00e9vrier 2019. Il l\u2019a finalement obtenu il y a quelques semaines \u00e0 peine.<\/p>\n\n\n\n<p>On a ouvert le champagne! \u00c7a faisait longtemps qu\u2019il \u00e9tait l\u00e0! Il a vieilli\u00bb, dit \u00e0 la blague Andr\u00e9ane Paquet.<img decoding=\"async\" alt=\"Marco Mariatti ont ouvert le champagne lorsqu'il a re\u00e7u sa r\u00e9sidence permanente par courriel.\" src=\"https:\/\/img-s-msn-com.akamaized.net\/tenant\/amp\/entityid\/AATsTiG.img?h=531&amp;w=944&amp;m=6&amp;q=60&amp;o=f&amp;l=f&amp;x=330&amp;y=140\">\u00a9 Andr\u00e9ane Paquet&nbsp;Marco Mariatti ont ouvert le champagne lorsqu&#8217;il a re\u00e7u sa r\u00e9sidence permanente par courriel.<\/p>\n\n\n\n<p>L&#8217;histoire de cette famille n&#8217;est pas unique. La pand\u00e9mie a ralenti le processus d&#8217;immigration de bien d&#8217;autres m\u00e9nages. Le minist\u00e8re de l&#8217;Immigration a d\u00fb aussi concentrer ses ressources sur les r\u00e9fugi\u00e9s afghans cet automne.<\/p>\n\n\n\n<p>Des dossiers&nbsp;simples\u00bb, comme celui de Marco Mariatti, qui devaient se traiter en moins d\u2019un an peuvent maintenant prendre entre deux et quatre ans, explique Johanne Boivin Drapeau, consultante en immigration canadienne.&nbsp;C\u2019est rendu mon quotidien\u00bb, commente-t-elle.<\/p>\n\n\n\n<h2 class=\"wp-block-heading\">Un processus opaque<\/h2>\n\n\n\n<p>Ceux qui s&#8217;embarquent dans le processus d\u2019immigration doivent s\u2019attendre \u00e0 des d\u00e9lais. Selon Marco Mariatti et Andr\u00e9ane Paquet, des am\u00e9liorations pourraient toutefois \u00eatre apport\u00e9es afin de rendre le processus moins p\u00e9nible. \u00c0 commencer par la transparence.<\/p>\n\n\n\n<p>Le manque de transparence de la part d\u2019immigration Canada a tellement \u00e9t\u00e9 dur. Tu appelles, il n\u2019y a personne qui te r\u00e9pond. Il n\u2019y a pas de ligne directe, ce sont toujours des messages automatiques\u00bb, d\u00e9plore Mme Paquet.<\/p>\n\n\n\n<p>Nos familles paient pour un service, elles mettent leur confiance entre les mains du gouvernement, mais il n\u2019y a aucune fa\u00e7on d\u2019avoir un suivi sur son propre dossier\u00bb, ajoute la consultante, Johanne Boivin Drapeau.<\/p>\n\n\n\n<p>Afin d&#8217;obtenir des r\u00e9ponses, les familles ont pour seule option de se tourner vers leur d\u00e9put\u00e9 qui a acc\u00e8s \u00e0 une ligne parlementaire.<\/p>\n\n\n\n<p>Si cette avenue a \u00e9t\u00e9 aidante pour le couple Paquet-Mariatti, elle n\u2019a eu aucun succ\u00e8s pour France Gagn\u00e9 et sa femme d&#8217;origine cubaine.<\/p>\n\n\n\n<p>J\u2019ai fait des demandes \u00e0 deux d\u00e9put\u00e9s et j\u2019ai eu une indiff\u00e9rence totale. Ils s\u2019en foutent pas mal\u00bb, constate-t-il.<\/p>\n\n\n\n<p>L\u2019homme de Qu\u00e9bec, mari\u00e9 depuis novembre 2017, a fait 47 aller-retour en cinq ans entre le Qu\u00e9bec et Cuba pour passer du temps avec sa conjointe. Magdalena Mart\u00ednez est en attente de sa r\u00e9sidence permanente depuis d\u00e9cembre 2020.<\/p>\n\n\n\n<p>On souffre parce qu\u2019on a l\u2019impression que personne ne s&#8217;occupe de nous autres. Il n\u2019y a aucun contact humain avec Immigration Canada. Ce qui est le plus cruel, c&#8217;est d\u2019\u00eatre laiss\u00e9 dans l&#8217;ignorance. Pendant ce temps, nous, on a beaucoup de r\u00eaves en attente\u00bb, dit-il.<\/p>\n\n\n\n<h2 class=\"wp-block-heading\">Am\u00e9liorer le syst\u00e8me<\/h2>\n\n\n\n<p>Il a tout simplement l\u2019impression qu\u2019il n\u2019y a pas de minist\u00e8re de l\u2019Immigration.<img decoding=\"async\" alt=\"France Gauthier, sa conjointe et son fils. \" src=\"https:\/\/img-s-msn-com.akamaized.net\/tenant\/amp\/entityid\/AATsPe9.img?h=630&amp;w=1119&amp;m=6&amp;q=60&amp;o=f&amp;l=f&amp;x=463&amp;y=222\">\u00a9 France Gauthier&nbsp;France Gauthier, sa conjointe et son fils.<\/p>\n\n\n\n<h2 class=\"wp-block-heading\">Une ligne citoyenne?<\/h2>\n\n\n\n<p>Andr\u00e9ane Paquet croit qu\u2019une ligne citoyenne devrait \u00eatre mise en place.<\/p>\n\n\n\n<p>Avec un agent qui te r\u00e9pond et qui peut t\u2019expliquer ce qui manque dans ton dossier, par exemple\u00bb, lance-t-elle.<\/p>\n\n\n\n<p>Lundi le ministre f\u00e9d\u00e9ral de l\u2019Immigration, Sean Fraser, annon\u00e7ait des mesures visant \u00e0 am\u00e9liorer l&#8217;exp\u00e9rience client et \u00e0 moderniser le syst\u00e8me d&#8217;immigration.<\/p>\n\n\n\n<p>L&#8217;embauche de nouveaux fonctionnaires permettrait notamment de r\u00e9duire les d\u00e9lais de traitement.<\/p>\n\n\n\n<p>Aider les clients \u00e0 venir rapidement au Canada, avec des d\u00e9lais de traitement pr\u00e9visibles et une communication efficace avec IRCC, demeure pour moi une priorit\u00e9 absolue\u00bb, mentionnait Sean Fraser.<\/p>\n\n\n\n<p>En attendant, Andr\u00e9ane Paquet et Marco Mariatti lancent un message aux familles dans l\u2019attente.<\/p>\n\n\n\n<p>Restez confiant, c\u2019est dur, mais vous allez y arriver\u00bb, conseille-t-il.\u00a0Bient\u00f4t vous serez r\u00e9unis\u00bb, souligne avec espoir la m\u00e8re de famille.<\/p>\n\n\n\n<p>Source : Radio Canada<\/p>\n","protected":false},"excerpt":{"rendered":"<p>\u00a0Marie-Pier Mercier Mari\u00e9 depuis 10 ans \u00e0 une Qu\u00e9b\u00e9coise avec qui il a fond\u00e9 une famille, Marco Mariatti a d\u00fb faire un v\u00e9ritable parcours du combattant avant d\u2019obtenir sa r\u00e9sidence&hellip; <\/p>\n","protected":false},"author":83,"featured_media":9039,"comment_status":"open","ping_status":"closed","sticky":false,"template":"","format":"standard","meta":{"_bbp_topic_count":0,"_bbp_reply_count":0,"_bbp_total_topic_count":0,"_bbp_total_reply_count":0,"_bbp_voice_count":0,"_bbp_anonymous_reply_count":0,"_bbp_topic_count_hidden":0,"_bbp_reply_count_hidden":0,"_bbp_forum_subforum_count":0,"ngg_post_thumbnail":0},"categories":[109,113,114],"tags":[],"_links":{"self":[{"href":"https:\/\/maghreb-observateur.com\/index.php?rest_route=\/wp\/v2\/posts\/13245"}],"collection":[{"href":"https:\/\/maghreb-observateur.com\/index.php?rest_route=\/wp\/v2\/posts"}],"about":[{"href":"https:\/\/maghreb-observateur.com\/index.php?rest_route=\/wp\/v2\/types\/post"}],"author":[{"embeddable":true,"href":"https:\/\/maghreb-observateur.com\/index.php?rest_route=\/wp\/v2\/users\/83"}],"replies":[{"embeddable":true,"href":"https:\/\/maghreb-observateur.com\/index.php?rest_route=%2Fwp%2Fv2%2Fcomments&post=13245"}],"version-history":[{"count":1,"href":"https:\/\/maghreb-observateur.com\/index.php?rest_route=\/wp\/v2\/posts\/13245\/revisions"}],"predecessor-version":[{"id":13246,"href":"https:\/\/maghreb-observateur.com\/index.php?rest_route=\/wp\/v2\/posts\/13245\/revisions\/13246"}],"wp:featuredmedia":[{"embeddable":true,"href":"https:\/\/maghreb-observateur.com\/index.php?rest_route=\/wp\/v2\/media\/9039"}],"wp:attachment":[{"href":"https:\/\/maghreb-observateur.com\/index.php?rest_route=%2Fwp%2Fv2%2Fmedia&parent=13245"}],"wp:term":[{"taxonomy":"category","embeddable":true,"href":"https:\/\/maghreb-observateur.com\/index.php?rest_route=%2Fwp%2Fv2%2Fcategories&post=13245"},{"taxonomy":"post_tag","embeddable":true,"href":"https:\/\/maghreb-observateur.com\/index.php?rest_route=%2Fwp%2Fv2%2Ftags&post=13245"}],"curies":[{"name":"wp","href":"https:\/\/api.w.org\/{rel}","templated":true}]}}