{"id":12949,"date":"2023-11-20T00:42:14","date_gmt":"2023-11-20T05:42:14","guid":{"rendered":"https:\/\/maghreb-observateur.com\/?p=12949"},"modified":"2023-11-20T03:36:00","modified_gmt":"2023-11-20T08:36:00","slug":"je-suis-ne-dun-pere-musulman-marocain-et-dune-mere-juive-dorigine-tunisienne-jai-souffert-dun-conflit","status":"publish","type":"post","link":"https:\/\/maghreb-observateur.com\/?p=12949","title":{"rendered":"Je suis n\u00e9 d\u2019un p\u00e8re musulman marocain et d\u2019une m\u00e8re juive d\u2019origine tunisienne. J\u2019ai souffert d\u2019un conflit \u2026"},"content":{"rendered":"\n<p>Mise \u00e0 jour : le 20-11-2023<\/p>\n\n\n\n<figure class=\"wp-block-image size-full\"><a href=\"https:\/\/maghreb-observateur.com\/wp-content\/uploads\/2023\/11\/nabil-ayouch.jpg\" rel=\"shadowbox[sbpost-12949];player=img;\"><img decoding=\"async\" loading=\"lazy\" width=\"600\" height=\"400\" src=\"https:\/\/maghreb-observateur.com\/wp-content\/uploads\/2023\/11\/nabil-ayouch.jpg\" alt=\"\" class=\"wp-image-22968\" srcset=\"https:\/\/maghreb-observateur.com\/wp-content\/uploads\/2023\/11\/nabil-ayouch.jpg 600w, https:\/\/maghreb-observateur.com\/wp-content\/uploads\/2023\/11\/nabil-ayouch-300x200.jpg 300w\" sizes=\"(max-width: 600px) 100vw, 600px\" \/><\/a><\/figure>\n\n\n\n<p>Noureddine Ayouch est n\u00e9 \u00e0 F\u00e8s le 21 d\u00e9cembre 1942, fils de Abdelkader Ayouch, entrepreneur dans le commerce et l&#8217;immobilier, et de Fatma Benzakour &#8211; dite Zakoura -. A\u00een\u00e9 d&#8217;une fratrie de six enfants, il a grandi dans le Batha, \u00e0 l&#8217;entr\u00e9e de la M\u00e9dina de F\u00e8s. Il a quatre enfants, Nabil, Hicham, Siham et Yanis.<\/p>\n\n\n\n<p>Noureddine Ayouch quitte sa ville natale pour Paris o\u00f9 il fait des \u00e9tudes de sociologie puis de th\u00e9\u00e2tre (Universit\u00e9 du th\u00e9\u00e2tre des Nations et Institut d&#8217;Etudes Th\u00e9\u00e2trales de la Sorbonne), et o\u00f9 Mai 68 traverse sa vie. Bertolt Brecht fait alors partie \u2014 et le restera \u2014 de ses auteurs favoris. Il r\u00e9alise et joue dans de multiples pi\u00e8ces avant son retour au Maroc.<\/p>\n\n\n\n<p>Apr\u00e8s une ann\u00e9e en tant que responsable marketing de l&#8217;agence Havas de Casablanca, il cr\u00e9\u00e9 Shem&#8217;s gr\u00e2ce au pr\u00eat d&#8217;un ami (10 000 DH), agence de communication \u00e0 Casablanca, une des premi\u00e8res agences de publicit\u00e9 au Maroc (devenue Lowe Shem&#8217;s en 2002, \u00e0 la suite d&#8217;une association avec l&#8217;agence londonienne Lowe and Partners.) Celle-ci sera suivie de plusieurs autres agences, sp\u00e9cialis\u00e9es dans la communication, le design, l\u2019impression et les relations publiques&nbsp;: Afric photogravure, Alif, Public\u2019s, Archipel&#8230;<\/p>\n\n\n\n<p>Noureddine Ayouch lance le magazine f\u00e9minin mensuel Kalima en f\u00e9vrier 1986, premi\u00e8re revue f\u00e9minine inscrivant le r\u00f4le de la femme dans le d\u00e9veloppement socio-culturel du Maroc, qui a donn\u00e9 lieu \u00e0 de multiples d\u00e9bats soci\u00e9taux anim\u00e9s. Avant-gardiste sur les sujets de soci\u00e9t\u00e9 jug\u00e9s \u00e0 l\u2019\u00e9poque subversifs, Kalima sera suspendue plusieurs fois par les autorit\u00e9s avant de dispara\u00eetre en mars 1989, ne pouvant r\u00e9sister \u00e0 la censure.<\/p>\n\n\n\n<p>En 1995, il cr\u00e9e la premi\u00e8re fondation marocaine de micro-cr\u00e9dit, Zakoura Micro-Cr\u00e9dit, avec pour objectif de participer au d\u00e9veloppement du pays. Sa philosophie est fond\u00e9e sur une id\u00e9e simple&nbsp;: pas de charit\u00e9 mais un support pour les d\u00e9munis afin de les aider \u00e0 r\u00e9aliser leurs propres micro-entreprises. Jusqu\u2019\u00e0 fin 2009, la fondation offre des produits de pr\u00eat solidaires et individuels peu co\u00fbteux, pour un encours total de 1023 millions de dirhams marocains \u00e0 pr\u00e8s de 300000 emprunteurs actifs, dont un tr\u00e8s large pourcentage de femmes, et emploie 1750 salari\u00e9s. Les emprunteurs sont accompagn\u00e9s et parfois form\u00e9s pour r\u00e9ussir leur projet.<\/p>\n\n\n\n<p>Il retrace la cr\u00e9ation et le d\u00e9veloppement de Zakoura dans l&#8217;ouvrage &#8220;Zakoura, r\u00e9cit d&#8217;un d\u00e9fi&#8221;, Tarik \u00c9ditions, 2008<\/p>\n\n\n\n<ul>\n<li>Fondateur et pr\u00e9sident de Lowe Shem\u2019s (ex-Shem&#8217;s Publicit\u00e9)<\/li>\n\n\n\n<li>Cr\u00e9ateur de l&#8217;ancienne revue&nbsp;<em>Kalima<\/em><\/li>\n\n\n\n<li>Fondateur des fondations Zakoura Micro-Cr\u00e9dit&nbsp;et Zakoura \u00c9ducation<\/li>\n\n\n\n<li>Pr\u00e9sident de la Fondation des arts vivants.<\/li>\n\n\n\n<li>Membre fondateur du Comit\u00e9 D\u00e9mocratie et modernisation (aussi membre de son comit\u00e9 de pilotage ainsi que de ses commissions Culture et \u00e9ducation et D\u00e9mocratie et \u00c9tat de droit).<\/li>\n\n\n\n<li>Membre du Comit\u00e9 de r\u00e9habilitation de l\u2019ancienne m\u00e9dina de Casablanca.<\/li>\n\n\n\n<li>Membre du conseil d\u2019administration de l&#8217;Association Lalla Salma de lutte contre le cancer.<\/li>\n\n\n\n<li>Membre fondateur de la Fondation Mohammed VI pour la protection de l\u2019environnement.<\/li>\n\n\n\n<li>Membre fondateur de&nbsp;Transparency Maroc.<\/li>\n<\/ul>\n\n\n\n<h2 class=\"wp-block-heading\">Nabil<\/h2>\n\n\n\n<p><strong>Nabil Ayouch<\/strong>&nbsp;est n\u00e9 le 1er avril 1969 \u00e0 Paris dans une famille o\u00f9 plusieurs cultures coexistent : musulmane et marocaine du c\u00f4t\u00e9 de de son p\u00e8re, fran\u00e7aise, juive et tunisienne du c\u00f4t\u00e9 de sa m\u00e8re. De 1987 \u00e0 1990 il prend des cours de th\u00e9\u00e2tre \u00e0 Paris puis devient concepteur r\u00e9dacteur dans une grande entreprise publicitaire. Parall\u00e8lement, il fait plusieurs stages sur des tournages de cin\u00e9ma. Il r\u00e9alise son premier court-m\u00e9trage en 1992,&nbsp;<strong><em>Les Pierres bleues du d\u00e9sert<\/em><\/strong>&nbsp;, avec Jamel Debbouze. En 1997, il r\u00e9alise son premier long-m\u00e9trage&nbsp;<strong><em>Mektoub<\/em><\/strong>&nbsp;une histoire de corruption dans la police marocaine inspir\u00e9e par des faits r\u00e9els. Le film conna\u00eet un grand succ\u00e8s au Maroc et sera nomin\u00e9 aux Oscars en 1998. En 2000 il tourne&nbsp;<strong><em>Ali Zaoua prince de la rue<\/em><\/strong>&nbsp;, qui sera aussi nomin\u00e9 pour les Oscars. En 2008 il r\u00e9alise&nbsp;<strong><em>Whatever Lola Wants<\/em><\/strong>&nbsp;, l&#8217;itin\u00e9raire po\u00e9tique d\u2019une jeune femme entre New-York et l&#8217;\u00c9gyptien 2012 il tourne&nbsp;<strong><em>My Land<\/em><\/strong>&nbsp;, un documentaire qui donne la parole \u00e0 des r\u00e9fugi\u00e9s Palestiniens qui ont d\u00fb fuir leur terre en 1948 ; dans le m\u00eame temps il est all\u00e9 interroger de jeunes Isra\u00e9liens qui vivent d\u00e9sormais dans les anciennes demeures des Palestiniens. Le r\u00e9alisateur raconte : &#8220;<em>Je suis n\u00e9 d\u2019un p\u00e8re musulman marocain et d\u2019une m\u00e8re juive d\u2019origine tunisienne (&#8230;) J\u2019ai souffert d\u2019un conflit (\u2026) qui r\u00e9sonnait constamment au sein de mes deux familles. Un conflit dans une contr\u00e9e lointaine entre deux peuples qui se battaient pour la m\u00eame terre<\/em>&nbsp;&#8220;.En 2013 sort sur les \u00e9crans <em><strong>Les Chevaux de Dieu<\/strong><\/em>&nbsp;, un long-m\u00e9trage qui retrace le destin de deux fr\u00e8res, habitants un bidonville de Casablanca, qui se font enr\u00f4ler par des islamistes radicaux.<\/p>\n\n\n\n<p><strong>Filmographie s\u00e9lective :<\/strong><\/p>\n\n\n\n<ul>\n<li>1990 :&nbsp;<em>Les Pierres bleues du d\u00e9sert<\/em>&nbsp;(court-m\u00e9trage)<\/li>\n\n\n\n<li>1999 :&nbsp;<em>Mektoub<\/em><\/li>\n\n\n\n<li>2000 :&nbsp;<em>Ali Zaoua prince de la rue<\/em><\/li>\n\n\n\n<li>2008 :&nbsp;<em>Whatever Lola Wants<\/em><\/li>\n\n\n\n<li>2011 :&nbsp;<em>My Land<\/em>&nbsp;(documentaire)<\/li>\n\n\n\n<li>2013 :&nbsp;<em>Les Chevaux de Dieu<\/em><\/li>\n\n\n\n<li>2015 : <em>Much loved<\/em><\/li>\n\n\n\n<li>2017 : Razia<\/li>\n\n\n\n<li>2021 : <em>Casablanca Beats<\/em><\/li>\n<\/ul>\n","protected":false},"excerpt":{"rendered":"<p>Mise \u00e0 jour : le 20-11-2023 Noureddine Ayouch est n\u00e9 \u00e0 F\u00e8s le 21 d\u00e9cembre 1942, fils de Abdelkader Ayouch, entrepreneur dans le commerce et l&#8217;immobilier, et de Fatma Benzakour&hellip; <\/p>\n","protected":false},"author":87,"featured_media":22968,"comment_status":"open","ping_status":"closed","sticky":false,"template":"","format":"standard","meta":{"_bbp_topic_count":0,"_bbp_reply_count":0,"_bbp_total_topic_count":0,"_bbp_total_reply_count":0,"_bbp_voice_count":0,"_bbp_anonymous_reply_count":0,"_bbp_topic_count_hidden":0,"_bbp_reply_count_hidden":0,"_bbp_forum_subforum_count":0,"ngg_post_thumbnail":0},"categories":[193,103,114],"tags":[],"_links":{"self":[{"href":"https:\/\/maghreb-observateur.com\/index.php?rest_route=\/wp\/v2\/posts\/12949"}],"collection":[{"href":"https:\/\/maghreb-observateur.com\/index.php?rest_route=\/wp\/v2\/posts"}],"about":[{"href":"https:\/\/maghreb-observateur.com\/index.php?rest_route=\/wp\/v2\/types\/post"}],"author":[{"embeddable":true,"href":"https:\/\/maghreb-observateur.com\/index.php?rest_route=\/wp\/v2\/users\/87"}],"replies":[{"embeddable":true,"href":"https:\/\/maghreb-observateur.com\/index.php?rest_route=%2Fwp%2Fv2%2Fcomments&post=12949"}],"version-history":[{"count":5,"href":"https:\/\/maghreb-observateur.com\/index.php?rest_route=\/wp\/v2\/posts\/12949\/revisions"}],"predecessor-version":[{"id":22975,"href":"https:\/\/maghreb-observateur.com\/index.php?rest_route=\/wp\/v2\/posts\/12949\/revisions\/22975"}],"wp:featuredmedia":[{"embeddable":true,"href":"https:\/\/maghreb-observateur.com\/index.php?rest_route=\/wp\/v2\/media\/22968"}],"wp:attachment":[{"href":"https:\/\/maghreb-observateur.com\/index.php?rest_route=%2Fwp%2Fv2%2Fmedia&parent=12949"}],"wp:term":[{"taxonomy":"category","embeddable":true,"href":"https:\/\/maghreb-observateur.com\/index.php?rest_route=%2Fwp%2Fv2%2Fcategories&post=12949"},{"taxonomy":"post_tag","embeddable":true,"href":"https:\/\/maghreb-observateur.com\/index.php?rest_route=%2Fwp%2Fv2%2Ftags&post=12949"}],"curies":[{"name":"wp","href":"https:\/\/api.w.org\/{rel}","templated":true}]}}