{"id":1281,"date":"2008-06-01T22:47:00","date_gmt":"2008-06-01T22:47:00","guid":{"rendered":"http:\/\/www.maghreb-observateur.com\/2008\/?p=1281"},"modified":"2008-06-01T22:47:00","modified_gmt":"2008-06-01T22:47:00","slug":"le-dialogue-base-de-leuromed","status":"publish","type":"post","link":"https:\/\/maghreb-observateur.com\/?p=1281","title":{"rendered":"Le dialogue, base de l&#039;Euromed"},"content":{"rendered":"<p>La Conf\u00e9rence minist\u00e9rielle euro-m\u00e9diterran\u00e9enne, r\u00e9unie, les 29 et 30 mai \u00e0 Ath\u00e8nes vient de le confirmer avec \u00e9clat, la Fondation Anna Lindh s&#8217;impose d\u00e9sormais comme l&#8217;un des piliers de la refondation socio-culturelle du partenariat euro-m\u00e9diterran\u00e9en et de la volont\u00e9 de r\u00e9appropriation de ce partenariat par les soci\u00e9t\u00e9s civiles des deux c\u00f4t\u00e9s de la M\u00e9diterran\u00e9e.<\/p>\n<p>Le communiqu\u00e9 final, rendu public dans la capitale grecque, qualifie en effet d&#8217; \u00ab essentiels \u00bb le r\u00f4le et la place de la Fondation Anna Lindh \u00ab dans la construction d&#8217;une destin\u00e9e commune euro-m\u00e9diterran\u00e9enne et dans la lutte contre le racisme, la x\u00e9nophobie et l&#8217;extr\u00e9misme \u00bb.<\/p>\n<p>Se f\u00e9licitant de la r\u00e9cente \u00e9lection de M. Andr\u00e9 Azoulay, Conseiller de SM le Roi \u00e0 la pr\u00e9sidence de la Fondation, le communiqu\u00e9 des ministres et repr\u00e9sentants des 39 pays membres du Conseil de l&#8217;Euromed ajoute que le renouveau de la Fondation Anna Lindh \u00ab est un t\u00e9moignage clair de la centralit\u00e9 du dialogue des cultures dans la construction euro-m\u00e9diterran\u00e9enne \u00bb.<\/p>\n<p>Invit\u00e9 \u00e0 prendre la parole au cours de la s\u00e9ance d&#8217;ouverture de la Conf\u00e9rence, \u00e0 laquelle le Maroc a \u00e9t\u00e9 repr\u00e9sent\u00e9 par la ministre de la Culture, Mme Touriya Jabrane, le pr\u00e9sident de la Fondation a soulign\u00e9 que \u00ab c&#8217;est pour apporter une r\u00e9ponse aux attentes et aux exigences de plus en plus manifestes, notamment pour les pays du Sud de la M\u00e9diterran\u00e9e \u00bb qu&#8217;il allait s&#8217;efforcer d&#8217;inscrire le futur imm\u00e9diat de la Fondation dans une strat\u00e9gie qui se veut inclusive et globale.<\/p>\n<p>Selon M. Azoulay, seule cette strat\u00e9gie \u00ab fera bouger la vision jusqu&#8217;ici conventionnelle du partenariat euro-m\u00e9diterran\u00e9en en mettant au c\u0153ur de ce projet l&#8217;incontournable parit\u00e9 socio-culturelle, l&#8217;\u00e9galit\u00e9 de traitement et des r\u00e8gles du jeu qui additionnent, en respectant les identit\u00e9s culturelles de tous pour en faire demain une ou des civilisations communes \u00bb.<\/p>\n<p>C&#8217;est dans cette perspective et dans celle-l\u00e0 seulement, a ajout\u00e9 M. Azoulay, que l&#8217;ancrage de la Fondation Anna Lindh dans le dialogue des cultures prend son sens v\u00e9ritable.<\/p>\n<p>Pour le pr\u00e9sident de la Fondation Anna Lindh, l&#8217; \u00ab histoire nous enseigne qu&#8217;aucun dessein de la complexit\u00e9 et de la sensibilit\u00e9 politique du partenariat euro-m\u00e9diterran\u00e9en n&#8217;a pu trouver \u00e9quilibre et p\u00e9rennit\u00e9 en \u00e9voluant sans que ne soient directement impliqu\u00e9s les hommes et les femmes dont on veut fa\u00e7onner la destin\u00e9e \u00bb.<\/p>\n<p>Apr\u00e8s avoir soulign\u00e9 que la Fondation Anna Lindh ne devait pas se contenter d&#8217;\u00eatre \u00ab le clone circonstanciel ou conjoncturel de ce qui se dit, se fait ou se propose ailleurs \u00bb, M. Azoulay a appel\u00e9 les pays du partenariat euro-m\u00e9diterran\u00e9en \u00e0 donner \u00e0 la Fondation les moyens d\u2019\u00ab une ambition qui \u00e0 terme devra faire de cette institution un espace de proposition et d&#8217;impulsion \u00e0 partir duquel se consolidera la perspective retrouv\u00e9e d&#8217;un futur entre partenaires d&#8217;un m\u00eame ensemble, respectueux de l&#8217;identit\u00e9, de l&#8217;histoire et des exigences de chacun \u00bb.<\/p>\n<p>En conclusion, le pr\u00e9sident de la Fondation Anna Lindh a rappel\u00e9 que cette institution, forte de 37 r\u00e9seaux rassemblant 1600 ONGs, venait de d\u00e9montrer avec force sa capacit\u00e9 de mobilisation avec son programme des \u00ab 1001 actions pour le Dialogue \u00bb qui se d\u00e9roule dans tous les pays de l&#8217;Union europ\u00e9enne et dans les 12 pays du Sud, membres de l&#8217;Euromed.<\/p>\n<p>M. Azoulay a \u00e9galement annonc\u00e9 la mise en place prochaine par la Fondation d&#8217;un Observatoire qui aura vocation \u00e0 suivre, \u00e0 mesurer et \u00e0 analyser dans la r\u00e9gion l&#8217;\u00e9volution des comportements, des attitudes ou des dysfonctionnements, s&#8217;agissant des facteurs socio-culturels qui sont d\u00e9terminants dans le processus de d\u00e9cision politique.<br \/>\n<span style=\"font-size: 8pt;\"><br \/>\nsource : Le d\u00e9tective marocain<\/span><\/p>\n<p><strong>LA FONDATION ANNA LINDH CREE EN 2006 LE PRIX DU MEILLEUR JOURNALISTE POUR COMBATTRE LE CHOC DES IGNORANCES<\/strong><\/p>\n<p>D\u2019autre part, cette Conf\u00e9rence Minist\u00e9rielle euro-m\u00e9diterran\u00e9enne sur la Culture a choisi d&#8217;inaugurer ses travaux en remettant le prix de la Fondation Anna Lindh du meilleur journaliste aux quatre laur\u00e9ats de l&#8217;Ann\u00e9e 2008.<\/p>\n<p>En ouvrant cette c\u00e9r\u00e9monie aux c\u00f4t\u00e9s des ministres grec et slov\u00e8ne de la Culture, le Pr\u00e9sident de la Fondation, M. Andr\u00e9 Azoulay, Conseiller de SM le Roi, a expliqu\u00e9 que \u00ab pour combattre le choc des ignorances, des id\u00e9es re\u00e7ues et des st\u00e9r\u00e9otypes, la Fondation Anna Lindh avait cr\u00e9\u00e9 un prix annuel qui honore les journalistes qui ont su mettre leur talent et leurs convictions au service de l&#8217;alt\u00e9rit\u00e9 et de la r\u00e9sistance \u00e0 toutes les formes d&#8217;extr\u00e9misme et de x\u00e9nophobie \u00bb.<\/p>\n<p>Ce prix, d\u00e9cern\u00e9 chaque ann\u00e9e \u00e0 deux journalistes de la rive Sud et \u00e0 deux journalistes de la rive Nord de la M\u00e9diterran\u00e9e, comprend un troph\u00e9e et une somme de 5000 euros remis \u00e0 chaque laur\u00e9at.<\/p>\n<p>Le jury international qui avait cette ann\u00e9e \u00e0 d\u00e9partager une centaine de journalistes pr\u00e9s\u00e9lectionn\u00e9s, a choisi Jamila Zekhini (Belgique) et Uros Serkl (Slov\u00e9nie) pour le Nord et Gideon Levy du quotidien isra\u00e9lien Haaretz et Vercihan Ziflioglu du Turkish Daily News pour le Sud.<\/p>\n<p>Le Maroc a \u00e9t\u00e9 repr\u00e9sent\u00e9 \u00e0 cette Conf\u00e9rence par la ministre de la Culture, Mme Touriya Jabrane.<\/p>\n","protected":false},"excerpt":{"rendered":"<p>Pour le pr\u00e9sident de la Fondation Anna Lindh, l&#8217;histoire nous enseigne qu&#8217;aucun dessein de la complexit\u00e9 et de la sensibilit\u00e9 politique du partenariat euro-m\u00e9diterran\u00e9en n&#8217;a pu trouver \u00e9quilibre et p\u00e9rennit\u00e9 en \u00e9voluant sans que ne soient directement impliqu\u00e9s les hommes et les femmes dont on veut fa\u00e7onner la destin\u00e9e.<\/p>\n","protected":false},"author":1,"featured_media":0,"comment_status":"open","ping_status":"open","sticky":false,"template":"","format":"standard","meta":{"_bbp_topic_count":0,"_bbp_reply_count":0,"_bbp_total_topic_count":0,"_bbp_total_reply_count":0,"_bbp_voice_count":0,"_bbp_anonymous_reply_count":0,"_bbp_topic_count_hidden":0,"_bbp_reply_count_hidden":0,"_bbp_forum_subforum_count":0,"ngg_post_thumbnail":0},"categories":[108],"tags":[],"_links":{"self":[{"href":"https:\/\/maghreb-observateur.com\/index.php?rest_route=\/wp\/v2\/posts\/1281"}],"collection":[{"href":"https:\/\/maghreb-observateur.com\/index.php?rest_route=\/wp\/v2\/posts"}],"about":[{"href":"https:\/\/maghreb-observateur.com\/index.php?rest_route=\/wp\/v2\/types\/post"}],"author":[{"embeddable":true,"href":"https:\/\/maghreb-observateur.com\/index.php?rest_route=\/wp\/v2\/users\/1"}],"replies":[{"embeddable":true,"href":"https:\/\/maghreb-observateur.com\/index.php?rest_route=%2Fwp%2Fv2%2Fcomments&post=1281"}],"version-history":[{"count":0,"href":"https:\/\/maghreb-observateur.com\/index.php?rest_route=\/wp\/v2\/posts\/1281\/revisions"}],"wp:attachment":[{"href":"https:\/\/maghreb-observateur.com\/index.php?rest_route=%2Fwp%2Fv2%2Fmedia&parent=1281"}],"wp:term":[{"taxonomy":"category","embeddable":true,"href":"https:\/\/maghreb-observateur.com\/index.php?rest_route=%2Fwp%2Fv2%2Fcategories&post=1281"},{"taxonomy":"post_tag","embeddable":true,"href":"https:\/\/maghreb-observateur.com\/index.php?rest_route=%2Fwp%2Fv2%2Ftags&post=1281"}],"curies":[{"name":"wp","href":"https:\/\/api.w.org\/{rel}","templated":true}]}}