{"id":1243,"date":"2008-05-04T12:55:00","date_gmt":"2008-05-04T12:55:00","guid":{"rendered":"http:\/\/www.maghreb-observateur.com\/2008\/?p=1243"},"modified":"2008-05-04T12:55:00","modified_gmt":"2008-05-04T12:55:00","slug":"saison-terminee-pour-le-marocain-hadji-a-nancy","status":"publish","type":"post","link":"https:\/\/maghreb-observateur.com\/?p=1243","title":{"rendered":"Saison termin\u00e9e pour le Marocain Hadji \u00e0 Nancy"},"content":{"rendered":"<p>&#8220;Youssouf ne devrait pas rejouer d&#8217;ici la fin de saison. Il y a tr&egrave;s peu de chances. C&#8217;est un handicap certain. Il s&#8217;est claqu&eacute; mercredi apr&egrave;s-midi &agrave; l&#8217;endroit exact o&ugrave; il avait d&eacute;j&agrave; eu une contracture&#8221;, a expliqu&eacute; le dirigeant nanc&eacute;ien.<\/p>\n<p>L&#8217;international marocain, &acirc;g&eacute; de 28 ans, est une pi&egrave;ce ma&icirc;tresse et inamovible du syst&egrave;me de jeu mis en place par l&#8217;entra&icirc;neur Pablo Correa depuis le d&eacute;but de saison.<\/p>\n<p>Ce forfait intervient alors que les Lorrains sont &agrave; la lutte avec Marseille pour la troisi&egrave;me place de Ligue 1, qualificative pour la Ligue des Champions.<\/p>\n<p>L&#8217;ASNL va d&eacute;fier Valenciennes dimanche apr&egrave;s-midi pour le compte de la 3e journ&eacute;e de Ligue 1 avant d&#8217;affronter Strasbourg, Lyon et Rennes<br \/><span style=\"font-size: 8pt;\">source:maroc football<\/span><\/p>\n","protected":false},"excerpt":{"rendered":"<p>Youssouf Hadji, l&#8217;attaquant de l&#8217;AS Nancy-Lorraine, ne rejouera plus jusqu&#8217;\u00e0 la fin de la saison en raison d&#8217;un claquage \u00e0 la cuisse, a-t-on appris aupr\u00e8s du manager g\u00e9n\u00e9ral du club lorrain, G\u00e9rard Parentin.<\/p>\n","protected":false},"author":1,"featured_media":0,"comment_status":"open","ping_status":"open","sticky":false,"template":"","format":"standard","meta":{"_bbp_topic_count":0,"_bbp_reply_count":0,"_bbp_total_topic_count":0,"_bbp_total_reply_count":0,"_bbp_voice_count":0,"_bbp_anonymous_reply_count":0,"_bbp_topic_count_hidden":0,"_bbp_reply_count_hidden":0,"_bbp_forum_subforum_count":0,"ngg_post_thumbnail":0},"categories":[115],"tags":[],"_links":{"self":[{"href":"https:\/\/maghreb-observateur.com\/index.php?rest_route=\/wp\/v2\/posts\/1243"}],"collection":[{"href":"https:\/\/maghreb-observateur.com\/index.php?rest_route=\/wp\/v2\/posts"}],"about":[{"href":"https:\/\/maghreb-observateur.com\/index.php?rest_route=\/wp\/v2\/types\/post"}],"author":[{"embeddable":true,"href":"https:\/\/maghreb-observateur.com\/index.php?rest_route=\/wp\/v2\/users\/1"}],"replies":[{"embeddable":true,"href":"https:\/\/maghreb-observateur.com\/index.php?rest_route=%2Fwp%2Fv2%2Fcomments&post=1243"}],"version-history":[{"count":0,"href":"https:\/\/maghreb-observateur.com\/index.php?rest_route=\/wp\/v2\/posts\/1243\/revisions"}],"wp:attachment":[{"href":"https:\/\/maghreb-observateur.com\/index.php?rest_route=%2Fwp%2Fv2%2Fmedia&parent=1243"}],"wp:term":[{"taxonomy":"category","embeddable":true,"href":"https:\/\/maghreb-observateur.com\/index.php?rest_route=%2Fwp%2Fv2%2Fcategories&post=1243"},{"taxonomy":"post_tag","embeddable":true,"href":"https:\/\/maghreb-observateur.com\/index.php?rest_route=%2Fwp%2Fv2%2Ftags&post=1243"}],"curies":[{"name":"wp","href":"https:\/\/api.w.org\/{rel}","templated":true}]}}