{"id":1209,"date":"2000-06-16T19:53:00","date_gmt":"2000-06-16T19:53:00","guid":{"rendered":"http:\/\/www.maghreb-observateur.com\/2000\/?p=1209"},"modified":"2000-06-16T19:53:00","modified_gmt":"2000-06-16T19:53:00","slug":"il-y-a-soixante-ans-des-marocains-se-battaient-en-belgique-contre-les-nazis","status":"publish","type":"post","link":"https:\/\/maghreb-observateur.com\/?p=1209","title":{"rendered":"Il y a soixante ans, des Marocains se battaient en Belgique contre les nazis&#8230;"},"content":{"rendered":"<p style=\"TEXT-ALIGN: justify\">Ce dimanche 14 mai &agrave; 10h un hommage a &eacute;t&eacute; rendu &agrave; la n&eacute;cropole fran&ccedil;aise &agrave; Chastre (pr&egrave;s de Gembloux), o&ugrave; sont enterr&eacute;s c&ocirc;te-&agrave;-c&ocirc;te soldats fran&ccedil;ais et marocains morts entre le 13 et le 16 mai 1940 dans les combats contre l&#8217;envahisseur nazi.<\/p>\n<p style=\"TEXT-ALIGN: justify\">&#8220;[le 16 mai, apr&egrave;s trois jours de combats] Les bataillons de tirailleurs [marocains]comptaient chacun environ 700 hommes au d&eacute;part. Le 1er bataillon du 2&egrave;me R.T.M. compte maintenant 74 combattants, le 1er bataillon du 7&egrave;me R.T.M. en aligne 80 et le 2&egrave;me bataillon du 7&egrave;me R.T.M. &agrave; peine 150. &#8221; (&#8220;La bataille de Gembloux&#8221; http:\/\/home.worldnet.fr\/~gaeroy\/gembloux.html )<\/p>\n<p style=\"TEXT-ALIGN: justify\">Ce fut une belle comm&eacute;moration avec hymnes nationaux, drapeaux etc., mais aussi r&eacute;citation du premier verset du Coran (&#8220;fatiha&#8221;) par des enfants en choeur, et lecture, par un enfant &eacute;galement, d&#8217;un texte retra&ccedil;ant la participation des tirailleurs marocains &agrave; cette bataille. Il y avait beaucoup de monde, au bas mot trois cents personnes, un public principalement marocain, et m&ecirc;me parmi eux trois survivants de 1940 qui &eacute;taient assis aux places d&#8217;honneur.<\/p>\n<p style=\"TEXT-ALIGN: justify\">C&#8217;&eacute;tait la premi&egrave;re fois aussi que le Maroc d&eacute;p&ecirc;chait un ministre en charge des Affaires militaires (il n&#8217;y a pas de &#8220;ministre de la D&eacute;fense&#8221;), il y avait aussi le secr&eacute;taire d&#8217;Etat fran&ccedil;ais aux anciens combattants ainsi que le ministre belge de la D&eacute;fense, ainsi que divers &eacute;lus locaux de Chastre, Gembloux et Charleroi. Plusieurs &eacute;lus d&#8217;origine marocaine &eacute;taient &eacute;galement pr&eacute;sents, Fatiha Sa&iuml;di, Fouad Lahssaini, Sfia Bouarfa, Mohamed Da&iuml;f, Mostafa Ouezekhti. Et beaucoup d&#8217;enfants.<\/p>\n<p style=\"TEXT-ALIGN: justify\">Il y avait au 1er janvier 1998 132.831 Marocains en Belgique, plus 63.157 Marocains devenus belges entre 1985 et 1997, sans compter un nombre ind&eacute;termin&eacute; de Belges de naissance qui ont des racines familiales marocaines; il y a &eacute;galement, surtout en r&eacute;gion bruxelloise, quelques dizaines au moins de familles franco-marocaines rapatri&eacute;es d&#8217;Alg&eacute;rie suite aux &eacute;purations ethniques de 1972<\/p>\n","protected":false},"excerpt":{"rendered":"<p>hommage a \u00e9t\u00e9 rendu \u00e0 la n\u00e9cropole fran\u00e7aise \u00e0 Chastre (pr\u00e8s de Gembloux), o\u00f9 sont enterr\u00e9s c\u00f4te-\u00e0-c\u00f4te soldats fran\u00e7ais et marocains morts entre le 13 et le 16 mai 1940 dans les combats contre l&#8217;envahisseur nazi.<\/p>\n","protected":false},"author":1,"featured_media":0,"comment_status":"open","ping_status":"open","sticky":false,"template":"","format":"standard","meta":{"_bbp_topic_count":0,"_bbp_reply_count":0,"_bbp_total_topic_count":0,"_bbp_total_reply_count":0,"_bbp_voice_count":0,"_bbp_anonymous_reply_count":0,"_bbp_topic_count_hidden":0,"_bbp_reply_count_hidden":0,"_bbp_forum_subforum_count":0,"ngg_post_thumbnail":0},"categories":[102],"tags":[],"_links":{"self":[{"href":"https:\/\/maghreb-observateur.com\/index.php?rest_route=\/wp\/v2\/posts\/1209"}],"collection":[{"href":"https:\/\/maghreb-observateur.com\/index.php?rest_route=\/wp\/v2\/posts"}],"about":[{"href":"https:\/\/maghreb-observateur.com\/index.php?rest_route=\/wp\/v2\/types\/post"}],"author":[{"embeddable":true,"href":"https:\/\/maghreb-observateur.com\/index.php?rest_route=\/wp\/v2\/users\/1"}],"replies":[{"embeddable":true,"href":"https:\/\/maghreb-observateur.com\/index.php?rest_route=%2Fwp%2Fv2%2Fcomments&post=1209"}],"version-history":[{"count":0,"href":"https:\/\/maghreb-observateur.com\/index.php?rest_route=\/wp\/v2\/posts\/1209\/revisions"}],"wp:attachment":[{"href":"https:\/\/maghreb-observateur.com\/index.php?rest_route=%2Fwp%2Fv2%2Fmedia&parent=1209"}],"wp:term":[{"taxonomy":"category","embeddable":true,"href":"https:\/\/maghreb-observateur.com\/index.php?rest_route=%2Fwp%2Fv2%2Fcategories&post=1209"},{"taxonomy":"post_tag","embeddable":true,"href":"https:\/\/maghreb-observateur.com\/index.php?rest_route=%2Fwp%2Fv2%2Ftags&post=1209"}],"curies":[{"name":"wp","href":"https:\/\/api.w.org\/{rel}","templated":true}]}}