{"id":11682,"date":"2021-11-07T08:19:41","date_gmt":"2021-11-07T13:19:41","guid":{"rendered":"https:\/\/maghreb-observateur.com\/?p=11682"},"modified":"2021-11-07T08:19:41","modified_gmt":"2021-11-07T13:19:41","slug":"hors-serie-le-monde-imprevisible-turquie","status":"publish","type":"post","link":"https:\/\/maghreb-observateur.com\/?p=11682","title":{"rendered":"Hors-s\u00e9rie \u00ab Le Monde \u00bb : Impr\u00e9visible Turquie"},"content":{"rendered":"\n<h2 class=\"wp-block-heading\">Le hors-s\u00e9rie \u00ab\u00a0O\u00f9 va la Turquie\u00a0?\u00a0\u00bb propose des reportages, des analyses et des interviews des meilleurs sp\u00e9cialistes de la Turquie d\u2019hier et d\u2019aujourd\u2019hui pour d\u00e9crypter ce pays en plein questionnement.<\/h2>\n\n\n\n<p id=\"js-authors-trigger\">Par\u00a0Marie J\u00e9go<\/p>\n\n\n\n<figure class=\"wp-block-image\"><img decoding=\"async\" src=\"https:\/\/img.lemde.fr\/2021\/11\/02\/0\/0\/637\/813\/664\/0\/75\/0\/498bd27_533312776-hs-982-une-avec-cb-avec-traits-de-coupe.jpg\" alt=\"\u00ab\u00a0O\u00f9 va la Turquie\u00a0?\u00a0\u00bb, un hors-s\u00e9rie du \u00ab\u00a0Monde\u00a0\u00bb, 100\u00a0pages, 8,90\u00a0euros. En vente en kiosque et sur Lemonde.fr\"\/><figcaption>\u00ab&nbsp;O\u00f9 va la Turquie&nbsp;?&nbsp;\u00bb, un hors-s\u00e9rie du \u00ab&nbsp;Monde&nbsp;\u00bb, 100&nbsp;pages, 8,90&nbsp;euros. En vente en kiosque et sur Lemonde.fr<\/figcaption><\/figure>\n\n\n\n<p>Puissance r\u00e9gionale incontournable gr\u00e2ce \u00e0 sa position g\u00e9ographique, son poids d\u00e9mographique (83&nbsp;millions d\u2019habitants) et son dynamisme \u00e9conomique, la Turquie, notre voisine, nous fascine et nous inqui\u00e8te.<\/p>\n\n\n\n<p>En dix-huit ans pass\u00e9s au pouvoir \u2013 dont plus de onze ans comme premier ministre (2003-2014 \u2013, son pr\u00e9sident, Recep Tayyip Erdogan, a transform\u00e9 le pays en profondeur, s\u2019imposant comme l\u2019homme du\u00a0<em>\u00ab\u00a0miracle \u00e9conomique\u00a0\u00bb<\/em>\u00a0mais aussi comme celui qui projette son arm\u00e9e et ses mercenaires sur tous les\u00a0terrains de guerre\u00a0\u2013 Syrie, Libye, nord de l\u2019Irak, Caucase \u2013 au risque de se f\u00e2cher avec ses partenaires traditionnels, l\u2019Europe et les Etats-Unis.Lire aussi\u00a0\u00a0<sub>Article r\u00e9serv\u00e9 \u00e0 nos abonn\u00e9s<\/sub><\/p>\n\n\n\n<p>R\u00e9formateur, Recep Tayyip Erdogan l\u2019\u00e9tait\u00a0: le\u00a0projet d\u2019adh\u00e9sion de son pays \u00e0 l\u2019Union europ\u00e9enne\u00a0lui tenait \u00e0 c\u0153ur, du moins en apparence lorsqu\u2019il est\u00a0arriv\u00e9 au pouvoir en\u00a02003 comme premier ministre. Mais peu \u00e0 peu, l\u2019orientation id\u00e9ologique a pris le pas sur son pragmatisme et sa volont\u00e9 d\u2019ouverture des d\u00e9buts. R\u00e9trospectivement, sa volont\u00e9 d\u2019ancrage au Vieux Continent, proclam\u00e9e haut et fort jadis, appara\u00eet comme une tactique destin\u00e9e \u00e0 mieux se d\u00e9barrasser de l\u2019arm\u00e9e qui entravait sa marche vers l\u2019absolutisme.<\/p>\n\n\n\n<h2 class=\"wp-block-heading\">D\u00e9rive autoritaire<\/h2>\n\n\n\n<p>En interne, les infrastructures ont \u00e9t\u00e9 am\u00e9lior\u00e9es, le syst\u00e8me de sant\u00e9 a \u00e9t\u00e9 modernis\u00e9, le PIB a \u00e9t\u00e9 multipli\u00e9 par trois, ce qui explique pourquoi le chef de file de l\u2019islam politique turc a remport\u00e9 toutes les \u00e9lections ou presque depuis 2002 malgr\u00e9 sa d\u00e9rive autoritaire.<\/p>\n\n\n\n<p>Pour sa base conservatrice, environ 30\u00a0% de la population, il reste l\u2019homme\u00a0<em>\u00ab\u00a0providentiel\u00a0\u00bb<\/em>, celui qui a fait entrer la Turquie dans le club des 20 pays les plus riches, le G20, et tient la drag\u00e9e haute \u00e0 l\u2019Occident gr\u00e2ce \u00e0 sa diplomatie des drones et de la canonni\u00e8re.<\/p>\n\n\n\n<p>Redoutable\u00a0animal politique, celui que ses d\u00e9tracteurs d\u00e9crivent comme un nouveau sultan avide de pouvoir, s\u2019est taill\u00e9\u00a0un syst\u00e8me pr\u00e9sidentiel \u00e0 la mesure de ses ambitions. C\u2019est lui qui explique aux femmes combien d\u2019enfants elles doivent faire, lui encore qui nomme tous les ministres et impose sa politique mon\u00e9taire. Son r\u00eave est de laisser sa marque dans l\u2019histoire, \u00e0 l\u2019\u00e9gal du fondateur de la R\u00e9publique,\u00a0Mustafa Kemal dit \u00ab\u00a0Atat\u00fcrk\u00a0\u00bb, dont il n\u2019a de cesse de renier l\u2019h\u00e9ritage.<\/p>\n\n\n\n<h2 class=\"wp-block-heading\">Bloc contre l\u2019hyperpr\u00e9sidence<\/h2>\n\n\n\n<p>Depuis peu pourtant, le vent a tourn\u00e9. Aux \u00e9lections municipales de 2019, son Parti de la justice et du d\u00e9veloppement (AKP) a perdu plusieurs grandes villes,\u00a0dont Istanbul et Ankara, au profit de l\u2019opposition k\u00e9maliste. D\u00e9sormais, alors que la crise mon\u00e9taire et l\u2019inflation frappent les m\u00e9nages de plein fouet, le camp de ses opposants s\u2019est consid\u00e9rablement \u00e9largi.<\/p>\n\n\n\n<p>Des Kurdes, des nationalistes de centre droit, des k\u00e9malistes, des islamistes m\u00eame, tels l\u2019ancien premier ministre\u00a0Ahmet Davutoglu\u00a0et l\u2019ancien ministre de l\u2019\u00e9conomie,\u00a0Ali Babacan, qui cofond\u00e8rent l\u2019AKP en\u00a02001, tentent de faire bloc contre\u00a0l\u2019hyperpr\u00e9sidence,\u00a0<em>\u00ab\u00a0le r\u00e9gime d\u2019un seul homme\u00a0\u00bb<\/em>, disent-ils, jug\u00e9 d\u00e9sastreux pour le pays. En perte de popularit\u00e9 dans les sondages, Erdogan a jusqu\u2019en juin\u00a02023, date des prochaines \u00e9lections, pr\u00e9sidentielle et l\u00e9gislatives, pour se refaire une sant\u00e9 politique.<\/p>\n\n\n\n<p><\/p>\n","protected":false},"excerpt":{"rendered":"<p>Le hors-s\u00e9rie \u00ab\u00a0O\u00f9 va la Turquie\u00a0?\u00a0\u00bb propose des reportages, des analyses et des interviews des meilleurs sp\u00e9cialistes de la Turquie d\u2019hier et d\u2019aujourd\u2019hui pour d\u00e9crypter ce pays en plein questionnement.&hellip; <\/p>\n","protected":false},"author":87,"featured_media":0,"comment_status":"open","ping_status":"closed","sticky":false,"template":"","format":"standard","meta":{"_bbp_topic_count":0,"_bbp_reply_count":0,"_bbp_total_topic_count":0,"_bbp_total_reply_count":0,"_bbp_voice_count":0,"_bbp_anonymous_reply_count":0,"_bbp_topic_count_hidden":0,"_bbp_reply_count_hidden":0,"_bbp_forum_subforum_count":0,"ngg_post_thumbnail":0},"categories":[99,102,204],"tags":[],"_links":{"self":[{"href":"https:\/\/maghreb-observateur.com\/index.php?rest_route=\/wp\/v2\/posts\/11682"}],"collection":[{"href":"https:\/\/maghreb-observateur.com\/index.php?rest_route=\/wp\/v2\/posts"}],"about":[{"href":"https:\/\/maghreb-observateur.com\/index.php?rest_route=\/wp\/v2\/types\/post"}],"author":[{"embeddable":true,"href":"https:\/\/maghreb-observateur.com\/index.php?rest_route=\/wp\/v2\/users\/87"}],"replies":[{"embeddable":true,"href":"https:\/\/maghreb-observateur.com\/index.php?rest_route=%2Fwp%2Fv2%2Fcomments&post=11682"}],"version-history":[{"count":1,"href":"https:\/\/maghreb-observateur.com\/index.php?rest_route=\/wp\/v2\/posts\/11682\/revisions"}],"predecessor-version":[{"id":11683,"href":"https:\/\/maghreb-observateur.com\/index.php?rest_route=\/wp\/v2\/posts\/11682\/revisions\/11683"}],"wp:attachment":[{"href":"https:\/\/maghreb-observateur.com\/index.php?rest_route=%2Fwp%2Fv2%2Fmedia&parent=11682"}],"wp:term":[{"taxonomy":"category","embeddable":true,"href":"https:\/\/maghreb-observateur.com\/index.php?rest_route=%2Fwp%2Fv2%2Fcategories&post=11682"},{"taxonomy":"post_tag","embeddable":true,"href":"https:\/\/maghreb-observateur.com\/index.php?rest_route=%2Fwp%2Fv2%2Ftags&post=11682"}],"curies":[{"name":"wp","href":"https:\/\/api.w.org\/{rel}","templated":true}]}}