{"id":11676,"date":"2021-11-07T07:27:15","date_gmt":"2021-11-07T12:27:15","guid":{"rendered":"https:\/\/maghreb-observateur.com\/?p=11676"},"modified":"2021-11-07T07:27:16","modified_gmt":"2021-11-07T12:27:16","slug":"s-m-le-roi-adresse-un-discours-a-loccasion-du-46eme-anniversaire-de-la-marche-verte-video","status":"publish","type":"post","link":"https:\/\/maghreb-observateur.com\/?p=11676","title":{"rendered":"S.M. le Roi adresse un Discours \u00e0 l&#8217;occasion du 46\u00e8me anniversaire de la Marche Verte (Vid\u00e9o)"},"content":{"rendered":"\n<h2 class=\"wp-block-heading\">Maroc, Mohammed VI s\u2019accroche \u00e0 son Sahara et ignore royalement l\u2019Alg\u00e9rie<\/h2>\n\n\n\n<p>Par\u00a0Malick Hamid\u00a0<\/p>\n\n\n\n<p>Le roi Mohammed VI, dans son discours \u00e0 la nation \u00e0 l\u2019occasion du 46<sup>\u00e8me<\/sup>\u00a0anniversaire de la Marche verte, ce samedi soir, a insist\u00e9 que \u00abpour le Maroc, son Sahara n\u2019est pas \u00e0 n\u00e9gocier\u00bb. Attendu sur la question de la tension avec l\u2019Alg\u00e9rie, le roi a pr\u00e9f\u00e9r\u00e9 ignorer le voisin.<\/p>\n\n\n\n<figure class=\"wp-block-embed is-type-video is-provider-youtube wp-block-embed-youtube wp-embed-aspect-16-9 wp-has-aspect-ratio\"><div class=\"wp-block-embed__wrapper\">\n<iframe loading=\"lazy\" title=\"S.M. le Roi adresse un Discours \u00e0 l&#039;occasion du 46\u00e8me anniversaire de la Marche Verte\" width=\"1110\" height=\"624\" src=\"https:\/\/www.youtube.com\/embed\/sTmYoxL9K2U?feature=oembed\" frameborder=\"0\" allow=\"accelerometer; autoplay; clipboard-write; encrypted-media; gyroscope; picture-in-picture\" allowfullscreen><\/iframe>\n<\/div><\/figure>\n\n\n\n<p>Son discours de ce samedi 6 novembre \u00e9tait tr\u00e8s attendu, du fait notamment des graves accusations dont le Maroc fait l\u2019objet de la part de l\u2019Alg\u00e9rie, mais le Mohammed VI s\u2019est concentr\u00e9 sur son Sahara. Alors que son arm\u00e9e est accus\u00e9e d\u2019avoir \u00e9t\u00e9 l\u2019artisan de la mort de trois camionneurs alg\u00e9riens, le souverain n\u2019a pas abord\u00e9 le sujet, qui a pourtant envenim\u00e9 les relations du royaume avec l\u2019Alg\u00e9rie voisine, au point de faire intervenir l\u2019ONU, qui a diligent\u00e9 une enqu\u00eate et appel\u00e9 les deux pays \u00e0 la retenue et au dialogue.<\/p>\n\n\n\n<p>Dans son discours, le roi a commenc\u00e9 par orienter que \u00abnotre Cause nationale s\u2019inscrit d\u00e9sormais dans une dynamique positive imparable. De fait, la Marocanit\u00e9 du Sahara est une v\u00e9rit\u00e9 aussi p\u00e9renne qu\u2019immuable&nbsp;; elle ne souffre, de ce fait, aucune contestation d\u2019abord, parce que la l\u00e9gitimit\u00e9 de notre Cause est valid\u00e9e par les annales de l\u2019Histoire, ensuite parce que tel est le v\u0153u profond et le souhait ardent de la population sahraouie enfin parce qu\u2019une reconnaissance internationale d\u2019envergure vient l\u2019ent\u00e9riner\u00bb.<\/p>\n\n\n\n<p>\u00abAvec l\u2019aide et la b\u00e9n\u00e9diction de Dieu, nous avons progress\u00e9 ces derniers mois, avec calme et s\u00e9r\u00e9nit\u00e9, dans l\u2019action engag\u00e9e pour d\u00e9fendre notre Sahara. A ce propos, il nous faut saluer Nos Forces Arm\u00e9es Royales qui, le 13 novembre 2020, ont restaur\u00e9 la libre circulation des personnes et des marchandises au point de passage Guerguerat, reliant les deux pays fr\u00e8res, le Maroc et la Mauritanie. Cette action pacifique ferme a mis un terme aux provocations et aux agressions dont le Maroc avait d\u00e9j\u00e0 signal\u00e9 \u00e0 la communaut\u00e9 internationale la gravit\u00e9 pour la s\u00e9curit\u00e9 et pour la stabilit\u00e9 de la r\u00e9gion\u00bb, a poursuivi le roi du Maroc.<\/p>\n\n\n\n<p>Selon le souverain, \u00abde mani\u00e8re aussi constructive, Nous appr\u00e9cions de voir cro\u00eetre et s\u2019amplifier le soutien concret dont jouit notre Cause juste. A cet \u00e9gard, la d\u00e9cision souveraine des Etats-Unis d\u2019Am\u00e9rique de reconna\u00eetre la souverainet\u00e9 pleine et enti\u00e8re du Maroc sur son Sahara constitue un sujet de fiert\u00e9 pour Nous. Elle est le corollaire naturel de l\u2019appui constant des administrations am\u00e9ricaines ant\u00e9rieures et l\u2019illustration de leur apport constructif au processus de r\u00e8glement de la question du Sahara. Cette orientation affermit le caract\u00e8re irr\u00e9versible du processus politique en marche&nbsp;: il est vou\u00e9 \u00e0 mettre en place une solution d\u00e9finitive fond\u00e9e sur l\u2019Initiative d\u2019autonomie, sous souverainet\u00e9 marocaine\u00bb.<\/p>\n\n\n\n<p>\u00abPar ailleurs, la d\u00e9cision de plus de vingt-quatre pays d\u2019ouvrir un consulat \u00e0 La\u00e2youne ou \u00e0 Dakhla confirme le large soutien dont b\u00e9n\u00e9ficie la position marocaine, surtout au sein de l\u2019environnement arabo-africain de notre pays. C\u2019est assur\u00e9ment la meilleure r\u00e9ponse juridique et diplomatique \u00e0 ceux qui pr\u00e9tendent que la reconnaissance de la Marocanit\u00e9 du Sahara n\u2019a pas de visibilit\u00e9 franche et concr\u00e8te sur le terrain. Aujourd\u2019hui, nous sommes tout \u00e0 fait fond\u00e9s \u00e0 attendre de nos partenaires qu\u2019ils formulent des positions autrement plus audacieuses et plus nettes au sujet de l\u2019int\u00e9grit\u00e9 territoriale du Royaume. De telles positions contribueront \u00e0 renforcer le processus politique en cours, \u00e0 appuyer les efforts d\u00e9ploy\u00e9s pour parvenir \u00e0 une solution d\u00e9finitive r\u00e9alisable\u00bb, estime le roi.<\/p>\n\n\n\n<p>Et Mohammed VI d\u2019ass\u00e9ner&nbsp;: \u00abpour le Maroc, son Sahara n\u2019est pas \u00e0 n\u00e9gocier. Aujourd\u2019hui comme dans le pass\u00e9, la Marocanit\u00e9 du Sahara ne sera jamais \u00e0 l\u2019ordre du jour d\u2019une quelconque tractation. En fait, si nous engageons des n\u00e9gociations, c\u2019est essentiellement pour parvenir \u00e0 un r\u00e8glement pacifique de ce conflit r\u00e9gional artificiel. Sur cette base, Nous r\u00e9affirmons l\u2019attachement du Maroc au processus politique conduit par l\u2019ONU. Nous r\u00e9it\u00e9rons \u00e9galement notre engagement en faveur de la recherche d\u2019une solution pacifique, pour le maintien du cessez-le-feu et de la poursuite de la coordination et de la coop\u00e9ration avec la Minurso, dans la stricte limite des attributions qui lui sont assign\u00e9es\u00bb.<\/p>\n\n\n\n<p>\u00abA cet \u00e9gard, Nous renouvelons \u00e0 Son Excellence le Secr\u00e9taire g\u00e9n\u00e9ral des Nations unies, Monsieur Ant\u00f3nio Guterres et \u00e0 son envoy\u00e9 personnel, notre soutien total pour les efforts qu\u2019il d\u00e9ploie afin que soit relanc\u00e9 le processus politique dans les plus prompts d\u00e9lais. A ce propos, Nous insistons sur la n\u00e9cessit\u00e9 de se conformer aux param\u00e8tres d\u00e9finis par les r\u00e9solutions successives du Conseil de s\u00e9curit\u00e9 depuis 2007 et qui ont \u00e9t\u00e9 consacr\u00e9s dans les rencontres tenues \u00e0 Gen\u00e8ve, sous l\u2019\u00e9gide des Nations Unies\u2026 Les d\u00e9veloppements positifs de l\u2019affaire du Sahara confortent \u00e9galement la dynamique de d\u00e9veloppement soutenue dans nos provinces du Sud\u00bb, a poursuivi Mohammed VI.<\/p>\n\n\n\n<p>\u00abEn effet, celles-ci connaissent un essor g\u00e9n\u00e9ral, illustr\u00e9 par le d\u00e9veloppement des infrastructures et la r\u00e9alisation de projets \u00e9conomiques et sociaux. Gr\u00e2ce \u00e0 ces projets, les r\u00e9gions du Sahara sont devenues, d\u00e9sormais, un espace ouvert aux opportunit\u00e9s de d\u00e9veloppement et une plateforme propice \u00e0 l\u2019investissement national et \u00e9tranger. Dieu soit lou\u00e9, nous avons dans la r\u00e9gion des partenaires internationaux de bonne foi qui, en toute clart\u00e9 et en toute transparence, investissent aux c\u00f4t\u00e9s du secteur priv\u00e9 national et contribuent ainsi au bien-\u00eatre de la population. A cet \u00e9gard, Nous tenons \u00e0 exprimer Notre consid\u00e9ration aux pays et aux groupements qui sont li\u00e9s au Maroc par des conventions et des partenariats et pour qui nos provinces du Sud constituent une partie int\u00e9grante du territoire national\u00bb, salue le roi du Maroc.<\/p>\n\n\n\n<p>Toutefois, le roi se montre ferme&nbsp;: \u00aben revanche, \u00e0 ceux qui affichent des positions floues ou ambivalentes, Nous d\u00e9clarons que le Maroc n\u2019engagera avec eux aucune d\u00e9marche d\u2019ordre \u00e9conomique ou commercial qui exclurait le Sahara marocain. Par ailleurs, Nous consid\u00e9rons que les conseils \u00e9lus d\u00e9mocratiquement, librement et de mani\u00e8re responsable dans les provinces et r\u00e9gions du Sahara sont les v\u00e9ritables repr\u00e9sentants l\u00e9gitimes de la population locale. Notre souhait est que ces conseils soient une force motrice pour mettre en \u0153uvre la r\u00e9gionalisation avanc\u00e9e, compte tenu de sa vocation \u00e0 offrir de r\u00e9elles perspectives de d\u00e9veloppement et \u00e0 favoriser une v\u00e9ritable participation politique\u00bb.<\/p>\n\n\n\n<p>\u00abCl\u00e9 de vo\u00fbte de l\u2019unit\u00e9 nationale du Royaume, la question du Sahara est la Cause qui rassemble tous les Marocains. Par cons\u00e9quent, il appartient \u00e0 chacun, selon sa position et son statut, de rester mobilis\u00e9 et vigilant en vue de d\u00e9fendre l\u2019unit\u00e9 nationale et l\u2019int\u00e9grit\u00e9 territoriale du pays, de consolider les r\u00e9alisations accomplies dans nos provinces du Sud, en mati\u00e8re politique et en termes de d\u00e9veloppement. C\u2019est le meilleur gage de fid\u00e9lit\u00e9 au serment \u00e9ternel de la Marche Verte, \u00e0 la m\u00e9moire immacul\u00e9e de son artisan, Notre V\u00e9n\u00e9r\u00e9 P\u00e8re, feu Sa Majest\u00e9 le Roi Hassan II, que Dieu ait Son \u00e2me, ainsi qu\u2019aux valeureux martyrs de la Patrie. C\u2019est \u00e9galement l\u2019occasion pour Nous d\u2019adresser aux cinq peuples du Maghreb, Nos v\u0153ux les plus sinc\u00e8res d\u2019unit\u00e9 et de stabilit\u00e9, de progr\u00e8s et de prosp\u00e9rit\u00e9\u00bb, prie le souverain.<\/p>\n\n\n\n<p>\u00abPour conclure, Nous rendons un vibrant hommage et exprimons Notre consid\u00e9ration aux Forces Arm\u00e9es Royales, \u00e0 la Gendarmerie Royale, \u00e0 la S\u00fbret\u00e9 nationale, aux Forces auxiliaires, \u00e0 l\u2019Administration territoriale et \u00e0 la Protection Civile, toutes composantes confondues, pour leur mobilisation constante, sous Notre commandement, \u00e0 d\u00e9fendre l\u2019unit\u00e9 nationale et \u00e0 pr\u00e9server la s\u00e9curit\u00e9 et la stabilit\u00e9 du pays\u00bb, a dit Mohammed VI, ignorant le conflit qui mine les relations entre le Maroc et l\u2019Alg\u00e9rie. Alger ayant imput\u00e9 la mort de trois routiers alg\u00e9riens \u00e0 l\u2019arm\u00e9e marocaine, promettant que \u00ableur assassinat ne restera pas impuni\u00bb.<\/p>\n\n\n\n<p>Source : AA <\/p>\n","protected":false},"excerpt":{"rendered":"<p>Maroc, Mohammed VI s\u2019accroche \u00e0 son Sahara et ignore royalement l\u2019Alg\u00e9rie Par\u00a0Malick Hamid\u00a0 Le roi Mohammed VI, dans son discours \u00e0 la nation \u00e0 l\u2019occasion du 46\u00e8me\u00a0anniversaire de la Marche&hellip; <\/p>\n","protected":false},"author":87,"featured_media":0,"comment_status":"open","ping_status":"closed","sticky":false,"template":"","format":"standard","meta":{"_bbp_topic_count":0,"_bbp_reply_count":0,"_bbp_total_topic_count":0,"_bbp_total_reply_count":0,"_bbp_voice_count":0,"_bbp_anonymous_reply_count":0,"_bbp_topic_count_hidden":0,"_bbp_reply_count_hidden":0,"_bbp_forum_subforum_count":0,"ngg_post_thumbnail":0},"categories":[99,108,204],"tags":[],"_links":{"self":[{"href":"https:\/\/maghreb-observateur.com\/index.php?rest_route=\/wp\/v2\/posts\/11676"}],"collection":[{"href":"https:\/\/maghreb-observateur.com\/index.php?rest_route=\/wp\/v2\/posts"}],"about":[{"href":"https:\/\/maghreb-observateur.com\/index.php?rest_route=\/wp\/v2\/types\/post"}],"author":[{"embeddable":true,"href":"https:\/\/maghreb-observateur.com\/index.php?rest_route=\/wp\/v2\/users\/87"}],"replies":[{"embeddable":true,"href":"https:\/\/maghreb-observateur.com\/index.php?rest_route=%2Fwp%2Fv2%2Fcomments&post=11676"}],"version-history":[{"count":1,"href":"https:\/\/maghreb-observateur.com\/index.php?rest_route=\/wp\/v2\/posts\/11676\/revisions"}],"predecessor-version":[{"id":11678,"href":"https:\/\/maghreb-observateur.com\/index.php?rest_route=\/wp\/v2\/posts\/11676\/revisions\/11678"}],"wp:attachment":[{"href":"https:\/\/maghreb-observateur.com\/index.php?rest_route=%2Fwp%2Fv2%2Fmedia&parent=11676"}],"wp:term":[{"taxonomy":"category","embeddable":true,"href":"https:\/\/maghreb-observateur.com\/index.php?rest_route=%2Fwp%2Fv2%2Fcategories&post=11676"},{"taxonomy":"post_tag","embeddable":true,"href":"https:\/\/maghreb-observateur.com\/index.php?rest_route=%2Fwp%2Fv2%2Ftags&post=11676"}],"curies":[{"name":"wp","href":"https:\/\/api.w.org\/{rel}","templated":true}]}}