{"id":11387,"date":"2021-10-28T16:50:29","date_gmt":"2021-10-28T21:50:29","guid":{"rendered":"https:\/\/maghreb-observateur.com\/?p=11387"},"modified":"2021-10-28T16:50:31","modified_gmt":"2021-10-28T21:50:31","slug":"marche-de-la-diaspora-algerienne-pour-la-commemoration-du-declenchement-de-la-guerre-de-liberation-nationale-de-lalgerie-et-pour-la-liberation-des-detenus-dopinion-du-hirak","status":"publish","type":"post","link":"https:\/\/maghreb-observateur.com\/?p=11387","title":{"rendered":"Marche de la diaspora alg\u00e9rienne pour la comm\u00e9moration du d\u00e9clenchement de la guerre de lib\u00e9ration Nationale de l&#8217;Alg\u00e9rie et pour la lib\u00e9ration des d\u00e9tenus d&#8217;opinion du Hirak."},"content":{"rendered":"\n<figure class=\"wp-block-image size-large\"><a href=\"https:\/\/maghreb-observateur.com\/wp-content\/uploads\/2021\/05\/Depositphotos_373630062_xl-2015-scaled.jpg\" rel=\"shadowbox[sbpost-11387];player=img;\"><img decoding=\"async\" loading=\"lazy\" width=\"1024\" height=\"1024\" src=\"https:\/\/maghreb-observateur.com\/wp-content\/uploads\/2021\/05\/Depositphotos_373630062_xl-2015-1024x1024.jpg\" alt=\"\" class=\"wp-image-8763\" srcset=\"https:\/\/maghreb-observateur.com\/wp-content\/uploads\/2021\/05\/Depositphotos_373630062_xl-2015-1024x1024.jpg 1024w, https:\/\/maghreb-observateur.com\/wp-content\/uploads\/2021\/05\/Depositphotos_373630062_xl-2015-300x300.jpg 300w, https:\/\/maghreb-observateur.com\/wp-content\/uploads\/2021\/05\/Depositphotos_373630062_xl-2015-150x150.jpg 150w, https:\/\/maghreb-observateur.com\/wp-content\/uploads\/2021\/05\/Depositphotos_373630062_xl-2015-768x768.jpg 768w, https:\/\/maghreb-observateur.com\/wp-content\/uploads\/2021\/05\/Depositphotos_373630062_xl-2015-1536x1536.jpg 1536w, https:\/\/maghreb-observateur.com\/wp-content\/uploads\/2021\/05\/Depositphotos_373630062_xl-2015-2048x2048.jpg 2048w\" sizes=\"(max-width: 1024px) 100vw, 1024px\" \/><\/a><figcaption>Fist of Algeria flag painted, multi purpose concept &#8211; isolated on white background<\/figcaption><\/figure>\n\n\n\n<p>MONTR\u00c9AL, le 28 oct. 2021 \/CNW Telbec\/ &#8211; Pour comm\u00e9morer le 67\u00e8me anniversaire du d\u00e9clenchement de la guerre de lib\u00e9ration nationale (du 1er novembre 1954 au 5 juillet 1962), et rendre hommage \u00e0 toutes ses victimes (1.5 millions de martyrs), une marche se tiendra \u00e0 Montr\u00e9al le dimanche 31 octobre 2021. Cet \u00e9v\u00e8nement est l&#8217;occasion de rappeler que d&#8217;autres combats se m\u00e8nent en ce moment m\u00eame avec le Hirak (mouvement citoyen). Cette marche d\u00e9noncera l&#8217;arrestation et la d\u00e9tention dans des conditions souvent tr\u00e8s difficiles (jusqu&#8217;\u00e0 la torture) de plusieurs centaines de militants pour la libert\u00e9, activistes, journalistes, avocats, d\u00e9fenseurs des droits de la personne, hommes et femmes politiques, artistes, po\u00e8tes, etc&#8230; Elle partira \u00e0 11h am de la Place du Canada 1010 rue de la Gaucheti\u00e8re pour aboutir au Consulat d&#8217;Alg\u00e9rie, sis au 3415, rue Saint-Urbain. Les journalistes sont cordialement invit\u00e9s \u00e0 venir rencontrer les manifestants participants \u00e0 cette marche, qui se tiendra sous le signe du souvenir, et de la solidarit\u00e9. Source\u00a0: Hirak Montr\u00e9al Le Hirak Montr\u00e9al est un collectif issu de la diaspora alg\u00e9rienne au Qu\u00e9bec, en soutien au grand mouvement citoyen, n\u00e9 en Alg\u00e9rie en f\u00e9vrier 2019. Aussi appel\u00e9 R\u00e9volution du sourire, le Hirak exprime le ras le bol de la population vis-\u00e0-vis d&#8217;une caste dirigeante corrompue dont elle exige le d\u00e9part . SOURCE HIRAK ALGERIE MONTREAL<\/p>\n","protected":false},"excerpt":{"rendered":"<p>MONTR\u00c9AL, le 28 oct. 2021 \/CNW Telbec\/ &#8211; Pour comm\u00e9morer le 67\u00e8me anniversaire du d\u00e9clenchement de la guerre de lib\u00e9ration nationale (du 1er novembre 1954 au 5 juillet 1962), et&hellip; <\/p>\n","protected":false},"author":87,"featured_media":8731,"comment_status":"open","ping_status":"closed","sticky":false,"template":"","format":"standard","meta":{"_bbp_topic_count":0,"_bbp_reply_count":0,"_bbp_total_topic_count":0,"_bbp_total_reply_count":0,"_bbp_voice_count":0,"_bbp_anonymous_reply_count":0,"_bbp_topic_count_hidden":0,"_bbp_reply_count_hidden":0,"_bbp_forum_subforum_count":0,"ngg_post_thumbnail":0},"categories":[99,108,103,204],"tags":[],"_links":{"self":[{"href":"https:\/\/maghreb-observateur.com\/index.php?rest_route=\/wp\/v2\/posts\/11387"}],"collection":[{"href":"https:\/\/maghreb-observateur.com\/index.php?rest_route=\/wp\/v2\/posts"}],"about":[{"href":"https:\/\/maghreb-observateur.com\/index.php?rest_route=\/wp\/v2\/types\/post"}],"author":[{"embeddable":true,"href":"https:\/\/maghreb-observateur.com\/index.php?rest_route=\/wp\/v2\/users\/87"}],"replies":[{"embeddable":true,"href":"https:\/\/maghreb-observateur.com\/index.php?rest_route=%2Fwp%2Fv2%2Fcomments&post=11387"}],"version-history":[{"count":1,"href":"https:\/\/maghreb-observateur.com\/index.php?rest_route=\/wp\/v2\/posts\/11387\/revisions"}],"predecessor-version":[{"id":11388,"href":"https:\/\/maghreb-observateur.com\/index.php?rest_route=\/wp\/v2\/posts\/11387\/revisions\/11388"}],"wp:featuredmedia":[{"embeddable":true,"href":"https:\/\/maghreb-observateur.com\/index.php?rest_route=\/wp\/v2\/media\/8731"}],"wp:attachment":[{"href":"https:\/\/maghreb-observateur.com\/index.php?rest_route=%2Fwp%2Fv2%2Fmedia&parent=11387"}],"wp:term":[{"taxonomy":"category","embeddable":true,"href":"https:\/\/maghreb-observateur.com\/index.php?rest_route=%2Fwp%2Fv2%2Fcategories&post=11387"},{"taxonomy":"post_tag","embeddable":true,"href":"https:\/\/maghreb-observateur.com\/index.php?rest_route=%2Fwp%2Fv2%2Ftags&post=11387"}],"curies":[{"name":"wp","href":"https:\/\/api.w.org\/{rel}","templated":true}]}}