{"id":11366,"date":"2021-10-28T07:40:36","date_gmt":"2021-10-28T12:40:36","guid":{"rendered":"https:\/\/maghreb-observateur.com\/?p=11366"},"modified":"2021-10-28T07:40:37","modified_gmt":"2021-10-28T12:40:37","slug":"reportage-des-candidats-de-la-diversite-aux-elections-municipales-a-laval","status":"publish","type":"post","link":"https:\/\/maghreb-observateur.com\/?p=11366","title":{"rendered":"[Reportage] Des candidats de la diversit\u00e9 aux \u00e9lections municipales \u00e0 Laval"},"content":{"rendered":"\n<figure class=\"wp-block-image\"><img decoding=\"async\" src=\"https:\/\/images.radio-canada.ca\/q_auto,w_635\/v1\/ici-info\/16x9\/redouane-yahmi-laval-elections-municipales.jpg\" alt=\"Un homme debout dehors \u00e0 c\u00f4t\u00e9 d'une colonne sur laquelle il est \u00e9crit H\u00f4tel de ville de Laval. Il tient un paquet de feuilles de papier dans ses mains.\"\/><figcaption>Redouane Yahmi est le plus jeune candidat \u00e0 la mairie de Laval aux \u00e9lections municipales du 7 novembre 2021.PHOTO&nbsp;:&nbsp;RCI \/ SAMIR BENDJAFER<\/figcaption><\/figure>\n\n\n\n<p>Samir Bendjafer<\/p>\n\n\n\n<p>Redouane Yahmi, \u00e2g\u00e9 de 20 ans, est candidat \u00e0 la mairie de Laval. Il fait partie des nombreux Lavallois d\u2019origine maghr\u00e9bine ou arabe qui aspirent \u00e0 \u00eatre \u00e9lus, notamment comme conseillers municipaux, dans la troisi\u00e8me ville la plus peupl\u00e9e au Qu\u00e9bec.<\/p>\n\n\n\n<p>Lorsque M. Yahmi est all\u00e9 au bureau de la Commission \u00e9lectorale du Qu\u00e9bec pour s&#8217;enqu\u00e9rir des \u00e9lections municipales du 7 novembre, on lui a gentiment expliqu\u00e9 qu&#8217;il serait convoqu\u00e9 au d\u00e9but de la campagne \u00e9lectorale pour participer \u00e0 une formation destin\u00e9e aux travailleurs \u00e9lectoraux.<\/p>\n\n\n\n<p><q>&#8220;Nous prendrons votre nom et vous rappellerons lorsque nous aurons besoin de travailleurs pour compter les votes&#8221;, ont dit les employ\u00e9s de la Commission<\/q>, a rapport\u00e9 M. Yahmi \u00e0 Radio Canada International (RCI), qui l\u2019a rencontr\u00e9 au parc Champfleury \u00e0 Laval.<\/p>\n\n\n\n<p>Quand Redouane Yahmi leur a expliqu\u00e9 qu\u2019il \u00e9tait venu se porter candidat \u00e0 la mairie,&nbsp;<q>ils ont agi avec professionnalisme et m\u2019ont dit qu\u2019ils m\u2019appelleraient d\u00e8s que la campagne serait lanc\u00e9e, et c\u2019est ce qu\u2019ils ont fait.<\/q><\/p>\n\n\n\n<p>Ainsi, M. Yahmi est devenu candidat \u00e0 la mairie dans cette ville de 442&nbsp;648&nbsp;habitants (selon les chiffres du gouvernement du Qu\u00e9bec en 2020).<\/p>\n\n\n\n<figure class=\"wp-block-image\"><img decoding=\"async\" src=\"https:\/\/images.radio-canada.ca\/q_auto,w_700\/v1\/ici-info\/16x9\/redouane-yahmi-laval-elections-municipales-86007.jpg\" alt=\"Un homme assis \u00e0 une table dans un parc public.\"\/><figcaption>Redouane Yahmi, 20 ans, affirme qu&#8217;il a eu la piq\u00fbre de la politique quand il \u00e9tait petit en essayant de comprendre pourquoi les \u00c9tats-Unis \u00e9taient toujours les plus forts dans les jeux vid\u00e9o.PHOTO&nbsp;:&nbsp;RCI \/ SAMIR BENDJAFER<\/figcaption><\/figure>\n\n\n\n<p>\u00c0 Laval, les immigrants repr\u00e9sentent 28,5&nbsp;% de la population totale (2016). De ce nombre 5,6&nbsp;% sont n\u00e9s en Alg\u00e9rie, comme Redouane Yahmi, arriv\u00e9 au Qu\u00e9bec \u00e0 l&#8217;\u00e2ge d&#8217;un an avec ses parents.<\/p>\n\n\n\n<p>Avant qu&#8217;il ne s&#8217;int\u00e9resse \u00e0 la politique, M. Yahmi s&#8217;int\u00e9ressait \u00e0 la g\u00e9opolitique. Cela remonte au d\u00e9but de son adolescence, lorsqu&#8217;il a commenc\u00e9 \u00e0 jouer \u00e0 certains jeux vid\u00e9o de guerre.<\/p>\n\n\n\n<p><q>Parmi ces jeux vid\u00e9o, il y avait&nbsp;<em>Call of Duty<\/em>&nbsp;o\u00f9 les \u00c9tats-Unis gagnaient toujours. Et j\u2019ai accept\u00e9 cette position dominante. Mais, un jour quelqu\u2019un m\u2019a demand\u00e9 pourquoi les \u00c9tats-Unis \u00e9taient consid\u00e9r\u00e9s comme la nation la plus puissante au monde. Je n\u2019ai pas pu lui r\u00e9pondre<\/q>, dit M. Yahmi.<\/p>\n\n\n\n<p>Au secondaire, Redouane Yahmi aimait beaucoup les cours d\u2019histoire du 20<sup>e<\/sup>&nbsp;si\u00e8cle.<\/p>\n\n\n\n<p>Quand il a eu 18 ans, il a commenc\u00e9 \u00e0 envisager de s&#8217;impliquer en politique, mais n&#8217;\u00e9tait pas attir\u00e9 par l\u2019adh\u00e9sion \u00e0 un parti politique.&nbsp;<q>Je savais que je ne pouvais pas obtenir une candidature pour les \u00e9lections l\u00e9gislatives, par exemple<\/q>, d\u00e9clare-t-il.<\/p>\n\n\n\n<p>Il a d\u00e9cid\u00e9 de se pr\u00e9senter aux \u00e9lections municipales comme candidat ind\u00e9pendant \u00e0 la mairie car, selon lui, cela lui donnerait une meilleure occasion d&#8217;avoir de l\u2019influence que s\u2019il se pr\u00e9sentait pour n\u2019importe quel parti.<\/p>\n\n\n\n<p><q>\u00catre maire ind\u00e9pendant permet un meilleur rapport de force avec les 21 conseillers municipaux [\u00e0 Laval] qui appartiennent \u00e0 divers partis politiques.<\/q>Redouane Yahmi, candidat \u00e0 la mairie de Laval<\/p>\n\n\n\n<p>Le jeune candidat \u00e0 la mairie de Laval estime que s&#8217;il est \u00e9lu membre ind\u00e9pendant du conseil municipal il sera&nbsp;<q>\u00e9cras\u00e9 par les autres partis.<\/q><\/p>\n\n\n\n<p><strong>Les cinq principaux pays de naissance de la population immigrante lavalloise (en 2016)<\/strong>&nbsp;<strong>:<\/strong><\/p>\n\n\n\n<ul><li>Liban&nbsp;:&nbsp;10,6&nbsp;%<\/li><li>Ha\u00efti&nbsp;:&nbsp;10,3&nbsp;%<\/li><li>Maroc&nbsp;:&nbsp;6,7&nbsp;%<\/li><li>Alg\u00e9rie&nbsp;:&nbsp;5,6&nbsp;%<\/li><li>Gr\u00e8ce&nbsp;:&nbsp;5,1&nbsp;%<\/li><\/ul>\n\n\n\n<p>La Syrie (13,5&nbsp;%) et Ha\u00efti (13,5&nbsp;%) arrivent au premier rang des pays de naissance des immigrants r\u00e9cents.<\/p>\n\n\n\n<p><strong>Les cinq principales langues maternelles de la population immigrante lavalloise (en 2016)<\/strong>&nbsp;<strong>:<\/strong><\/p>\n\n\n\n<ul><li>Arabe&nbsp;:&nbsp;20,4&nbsp;%<\/li><li>Fran\u00e7ais&nbsp;:&nbsp;14,1&nbsp;%<\/li><li>Espagnol&nbsp;:&nbsp;8,4&nbsp;%<\/li><li>Cr\u00e9ole&nbsp;:&nbsp;6,0&nbsp;%<\/li><li>Grec&nbsp;:&nbsp;5,1&nbsp;%<\/li><\/ul>\n\n\n\n<p><em>Source<\/em>&nbsp;:&nbsp;<em>Statistiques de la Ville de Laval, 2019<\/em><\/p>\n\n\n\n<p>Comme tout candidat, Redouane Yahmi a pr\u00e9par\u00e9 un programme politique en sept points, intitul\u00e9&nbsp;<em>Pour un Laval jeune et ambitieux<\/em>, qu\u2019il a diffus\u00e9 sur les r\u00e9seaux sociaux.<\/p>\n\n\n\n<p>M. Yahmi estime que son programme r\u00e9pondra aux besoins et demandes des citoyens de Laval et permettra \u00e0 cette ville de devenir assez prosp\u00e8re sur les plans \u00e9conomique et \u00e9cologique pour qu\u2019elle soit surnomm\u00e9e le&nbsp;<q>San Francisco du Canada<\/q>.<\/p>\n\n\n\n<p>Jusqu\u2019\u00e0 pr\u00e9sent, sa campagne \u00e9lectorale a \u00e9t\u00e9 calme, mais il pense qu\u2019il fera plus de bruit vers la fin de la course, pendant les deux derni\u00e8res semaines.<\/p>\n\n\n\n<p>Les chances de Redouane Yahmi de devenir maire de Laval semblent toutefois bien minces. S\u2019il n\u2019est pas \u00e9lu, il aura le temps de reprendre ses \u00e9tudes d\u2019ici un an, comme l&#8217;incitent \u00e0 le faire ses parents.<\/p>\n\n\n\n<p>Certains programmes universitaires acceptent des \u00e9tudiants de 21 ans et plus qui n\u2019ont pas termin\u00e9 leurs \u00e9tudes au c\u00e9gep, un \u00e9tablissement d\u2019enseignement coll\u00e9gial public au Qu\u00e9bec.<\/p>\n\n\n\n<figure class=\"wp-block-image\"><img decoding=\"async\" src=\"https:\/\/images.radio-canada.ca\/q_auto,w_700\/v1\/ici-info\/16x9\/grace-ghazal-elections-municipales-laval.jpg\" alt=\"Deux femmes discutent avec une autre debout sur le seuil de sa maison.\"\/><figcaption>Grace Ghazal (au milieu), la candidate d&#8217;Action Laval dans le district \u00e9lectoral de Renaud, lors d&#8217;un porte-\u00e0-porte avec sa cheffe de parti, Sophie Trottier (\u00e0 droite).PHOTO&nbsp;:&nbsp;RCI \/ SAMIR BENDJAFER<\/figcaption><\/figure>\n\n\n\n<h2 class=\"wp-block-heading\">Grace Ghazal<\/h2>\n\n\n\n<p>Avec toute la diversit\u00e9 ethnique et culturelle qui caract\u00e9rise Laval, il est tout naturel que des candidats issus de l\u2019immigration se pr\u00e9sentent dans les 21&nbsp;districts \u00e9lectoraux de la ville. On trouve parmi eux 17&nbsp;candidats originaires du Maghreb ou de pays arabes du Moyen-Orient.<\/p>\n\n\n\n<p>Selon les statistiques de la Ville de Laval, 81,3&nbsp;% de la population immigrante poss\u00e8de la citoyennet\u00e9 canadienne, condition n\u00e9cessaire pour \u00eatre \u00e9lu ou pour se porter candidat aux \u00e9lections.<\/p>\n\n\n\n<p>RCI a rencontr\u00e9 Grace Ghazal, candidate d\u2019Action Laval dans Renaud, alors qu\u2019elle faisait du porte-\u00e0-porte dans son district.<\/p>\n\n\n\n<p>Mme Ghazal \u00e9tait accompagn\u00e9e de Sophie Trottier, la cheffe de son parti et candidate \u00e0 la mairie de Laval. Elles se sont entretenues avec une citoyenne \u00e0 sa porte.<\/p>\n\n\n\n<p>Cette citoyenne a reconnu Grace Ghazal qui, comme elle, est d\u2019origine libanaise. Le Pays du C\u00e8dre est le pays de naissance de plus de 10&nbsp;% de la population immigrante lavalloise.<\/p>\n\n\n\n<p>La discussion a port\u00e9 sur le stationnement dans les rues, les op\u00e9rations de d\u00e9neigement en hiver et les pistes cyclables dans Renaud.<\/p>\n\n\n\n<p><q>Grace est tr\u00e8s active sur le terrain et j\u2019aime l\u2019accompagner car elle est de bonne humeur et les gens l\u2019aiment. Elle rencontrait les citoyens quotidiennement cet \u00e9t\u00e9, malgr\u00e9 la chaleur<\/q>, dit la cheffe d\u2019Action Laval.<\/p>\n\n\n\n<figure class=\"wp-block-image\"><img decoding=\"async\" src=\"https:\/\/images.radio-canada.ca\/q_auto,w_700\/v1\/ici-info\/16x9\/grace-ghazal-elections-municipales-laval-96905.jpg\" alt=\"Une femme assise devant un ordinateur en train de parler au t\u00e9l\u00e9phone.\n\"\/><figcaption>Grace Ghazal contacte par t\u00e9l\u00e9phone les \u00e9lecteurs de sa circonscription \u00e0 partir de son bureau de campagne \u00e9lectorale.PHOTO&nbsp;:&nbsp;RCI \/ SAMIR BENDJAFER<\/figcaption><\/figure>\n\n\n\n<p>Le fait que Grace Ghazal soit agente immobili\u00e8re lui a permis de bien conna\u00eetre Laval et sa d\u00e9mographie.<\/p>\n\n\n\n<p>En r\u00e9ponse \u00e0 une question sur ce qui distingue les besoins des citoyens d\u2019origine arabe de ceux des autres citoyens, Mme Ghazal dit qu\u2019il n\u2019y a pas de diff\u00e9rence.<\/p>\n\n\n\n<p><q>Nous sommes tous des Lavallois, nous tous payons nos imp\u00f4ts et faisons tous face aux m\u00eames probl\u00e8mes, peu importe notre origine.<\/q>Grace Ghazal, candidate au poste de conseill\u00e8re municipale \u00e0 Laval<\/p>\n\n\n\n<p>Aux derni\u00e8res \u00e9lections municipales, en 2017, comme \u00e0 celles de 2013, le district de Renaud a \u00e9t\u00e9 remport\u00e9 par le Mouvement Lavallois, le parti au pouvoir depuis 2013.<\/p>\n\n\n\n<p>Mais le conseiller municipal sortant dans ce district ne se repr\u00e9sente pas cette ann\u00e9e. Mme Ghazal affrontera plusieurs candidats, dont Hafida Daoudi, d\u2019origine marocaine, qui se pr\u00e9sente sous la banni\u00e8re du parti Laval citoyens.<\/p>\n\n\n\n<figure class=\"wp-block-image\"><img decoding=\"async\" src=\"https:\/\/images.radio-canada.ca\/q_auto,w_700\/v1\/ici-info\/16x9\/omar-waez-elections-municipales-laval.jpg\" alt=\"Un homme discute avec un autre homme et une femme portant une fillette sur le seuil d'une maison.\"\/><figcaption>Omar Waedh, le candidat du Mouvement lavallois dans le district de Chomedey, discute avec des citoyens pendant un porte-\u00e0-porte.PHOTO&nbsp;:&nbsp;RCI \/ SAMIR BENDJAFER<\/figcaption><\/figure>\n\n\n\n<h2 class=\"wp-block-heading\">Omar Waedh<\/h2>\n\n\n\n<p>\u00c0 environ sept kilom\u00e8tres du district de Renaud, Omar Waedh, le candidat du Mouvement Lavallois dans le district de Chomedey, faisait \u00e9galement du porte-\u00e0-porte \u00e9lectoral.<\/p>\n\n\n\n<p>Dans Chomedey, les citoyens se plaignent, eux aussi, du probl\u00e8me de stationnement dans les rues r\u00e9sidentielles. La proximit\u00e9 d\u2019une \u00e9cole provoque un chaos quotidien, surtout avec les parents d\u2019\u00e9l\u00e8ves qui garent leurs voitures un peu partout.<\/p>\n\n\n\n<p>M. Waedh, \u00e2g\u00e9 de 36&nbsp;ans, est un Syrien n\u00e9 en Irak et qui a v\u00e9cu au Maroc pendant vingt ans avant d&#8217;immigrer au Canada avec son \u00e9pouse et leur fille.<\/p>\n\n\n\n<p>Sa participation en tant que citoyen au Comit\u00e9 consultatif d\u2019urbanisme de la Ville de Laval depuis 2018 lui a permis d\u2019\u00eatre choisi par le Mouvement Lavallois comme candidat dans Chomedey.<\/p>\n\n\n\n<p>Ce district est repr\u00e9sent\u00e9 depuis 2013 par Aglaia Revelakis, conseill\u00e8re d\u2019origine grecque, d\u2019Action Laval.<\/p>\n\n\n\n<figure class=\"wp-block-image\"><img decoding=\"async\" src=\"https:\/\/images.radio-canada.ca\/q_auto,w_700\/v1\/ici-info\/16x9\/omar-waez-elections-municipales-laval-74995.jpg\" alt=\"Un homme assis \u00e0 une table avec un casque t\u00e9l\u00e9phonique sur la t\u00eate. Derri\u00e8re lui, deux hommes, l'un le regarde et l'autre regarde un t\u00e9l\u00e9phone cellulaire qu'il tient \u00e0 la main.\"\/><figcaption>Omar Waedh (au milieu) en train d&#8217;enregistrer une story pour la page Facebook du chanteur syrien Yahya Hawwa (\u00e0 droite) qui a plus de 3,3 millions d&#8217;abonn\u00e9s.PHOTO&nbsp;:&nbsp;RCI<\/figcaption><\/figure>\n\n\n\n<p>Omar Waedh estime qu\u2019il ne faut pas sous-estimer le r\u00f4le des municipalit\u00e9s dans la vie des citoyens.<\/p>\n\n\n\n<p><q>Il y a beaucoup de d\u00e9cisions qui sont prises au niveau municipal, parce que la vie quotidienne d\u2019un citoyen n\u2019est pas r\u00e9glement\u00e9e au niveau provincial ou f\u00e9d\u00e9ral.<\/q>Omar Waedh, candidat au poste de conseiller municipal \u00e0 Laval<\/p>\n\n\n\n<p>M. Waedh \u00e9tait en train d&#8217;expliquer le programme de son parti lorsqu&#8217;il a \u00e9t\u00e9 interrompu par un b\u00e9n\u00e9vole de son \u00e9quipe, le chanteur religieux syrien Yahya Hawwa, qui lui a rappel\u00e9 qu\u2019il \u00e9tait temps d\u2019enregistrer une vid\u00e9o pour les r\u00e9seaux sociaux. Ce dernier compte plus de 3&nbsp;millions d\u2019abonn\u00e9s sur Facebook et des centaines de milliers d\u2019autres sur Instagram et Twitter.<\/p>\n\n\n\n<p>Pendant ce temps, les autres b\u00e9n\u00e9voles ont continu\u00e9 leurs appels t\u00e9l\u00e9phoniques aux citoyens de Chomedey, l\u2019un des districts \u00e9lectoraux les plus multiculturels de Laval.<\/p>\n\n\n\n<p>Les \u00e9lections municipales\u00a0\u00a0auront lieu partout au Qu\u00e9bec le 7 novembre 2021, et les 6 et 7 novembre \u00e0 Montr\u00e9al.<\/p>\n\n\n\n<p>Source  : RCI<\/p>\n","protected":false},"excerpt":{"rendered":"<p>Samir Bendjafer Redouane Yahmi, \u00e2g\u00e9 de 20 ans, est candidat \u00e0 la mairie de Laval. Il fait partie des nombreux Lavallois d\u2019origine maghr\u00e9bine ou arabe qui aspirent \u00e0 \u00eatre \u00e9lus,&hellip; <\/p>\n","protected":false},"author":87,"featured_media":0,"comment_status":"open","ping_status":"closed","sticky":false,"template":"","format":"standard","meta":{"_bbp_topic_count":0,"_bbp_reply_count":0,"_bbp_total_topic_count":0,"_bbp_total_reply_count":0,"_bbp_voice_count":0,"_bbp_anonymous_reply_count":0,"_bbp_topic_count_hidden":0,"_bbp_reply_count_hidden":0,"_bbp_forum_subforum_count":0,"ngg_post_thumbnail":0},"categories":[109,204],"tags":[],"_links":{"self":[{"href":"https:\/\/maghreb-observateur.com\/index.php?rest_route=\/wp\/v2\/posts\/11366"}],"collection":[{"href":"https:\/\/maghreb-observateur.com\/index.php?rest_route=\/wp\/v2\/posts"}],"about":[{"href":"https:\/\/maghreb-observateur.com\/index.php?rest_route=\/wp\/v2\/types\/post"}],"author":[{"embeddable":true,"href":"https:\/\/maghreb-observateur.com\/index.php?rest_route=\/wp\/v2\/users\/87"}],"replies":[{"embeddable":true,"href":"https:\/\/maghreb-observateur.com\/index.php?rest_route=%2Fwp%2Fv2%2Fcomments&post=11366"}],"version-history":[{"count":1,"href":"https:\/\/maghreb-observateur.com\/index.php?rest_route=\/wp\/v2\/posts\/11366\/revisions"}],"predecessor-version":[{"id":11368,"href":"https:\/\/maghreb-observateur.com\/index.php?rest_route=\/wp\/v2\/posts\/11366\/revisions\/11368"}],"wp:attachment":[{"href":"https:\/\/maghreb-observateur.com\/index.php?rest_route=%2Fwp%2Fv2%2Fmedia&parent=11366"}],"wp:term":[{"taxonomy":"category","embeddable":true,"href":"https:\/\/maghreb-observateur.com\/index.php?rest_route=%2Fwp%2Fv2%2Fcategories&post=11366"},{"taxonomy":"post_tag","embeddable":true,"href":"https:\/\/maghreb-observateur.com\/index.php?rest_route=%2Fwp%2Fv2%2Ftags&post=11366"}],"curies":[{"name":"wp","href":"https:\/\/api.w.org\/{rel}","templated":true}]}}