{"id":11232,"date":"2021-10-24T07:43:45","date_gmt":"2021-10-24T12:43:45","guid":{"rendered":"https:\/\/maghreb-observateur.com\/?p=11232"},"modified":"2021-10-24T07:43:46","modified_gmt":"2021-10-24T12:43:46","slug":"en-turquie-erdogan-ordonne-lexpulsion-de-dix-ambassadeurs-dont-celui-de-la-france","status":"publish","type":"post","link":"https:\/\/maghreb-observateur.com\/?p=11232","title":{"rendered":"En Turquie, Erdogan ordonne l\u2019expulsion de dix ambassadeurs, dont celui de la France"},"content":{"rendered":"\n<figure class=\"wp-block-image\"><img decoding=\"async\" src=\"https:\/\/img-s-msn-com.akamaized.net\/tenant\/amp\/entityid\/AAPTn1y.img?h=183&amp;w=378&amp;m=6&amp;q=60&amp;o=f&amp;l=f&amp;x=342&amp;y=190\" alt=\"\"\/><\/figure>\n\n\n\n<p>Le pr\u00e9sident turc Recep Tayyip Erdogan a annonc\u00e9 samedi 23&nbsp;octobre avoir ordonn\u00e9 l\u2019expulsion,&nbsp;<em>\u00ab&nbsp;au plus vite&nbsp;\u00bb<\/em>, des dix ambassadeurs dont ceux de France, d\u2019Allemagne et des Etats-Unis, qui ont r\u00e9clam\u00e9 la lib\u00e9ration de l\u2019opposant Osman Kavala.<\/p>\n\n\n\n<p><em>\u00ab\u00a0J\u2019ai ordonn\u00e9 \u00e0 notre ministre des Affaires \u00e9trang\u00e8res de d\u00e9clarer au plus vite ces dix ambassadeurs persona non grata\u00a0\u00bb<\/em>, a affirm\u00e9 le chef de l\u2019Etat lors d\u2019un d\u00e9placement dans le centre de la Turquie, sans pr\u00e9ciser la date \u00e0 laquelle les diplomates devront partir.En Turquie, avec les derniers r\u00e9sistants \u00e0 Erdogan, le \u00ab\u00a0petit Poutine turc\u00a0\u00bb<\/p>\n\n\n\n<p>Ces diplomates&nbsp;<em>\u00ab&nbsp;doivent conna\u00eetre et comprendre la Turquie&nbsp;\u00bb<\/em>, a poursuivi Recep Tayyip Erdogan en les accusant&nbsp;<em>\u00ab&nbsp;d\u2019ind\u00e9cence&nbsp;\u00bb<\/em>.&nbsp;<em>\u00ab&nbsp;Ils devront quitter&nbsp;\u00bb<\/em>&nbsp;le pays&nbsp;<em>\u00ab&nbsp;s\u2019ils ne le connaissent plus&nbsp;\u00bb<\/em>, a-t-il ajout\u00e9.<\/p>\n\n\n\n<p>Mesure rare dans les relations internationales,\u00a0d\u00e9clarer \u00ab\u00a0persona non grata\u00a0\u00bb des diplomates\u00a0ouvre la voie \u00e0 leur expulsion ou leur rappel par leur propre pays. Selon une source diplomatique allemande, les dix pays concern\u00e9s se concertaient samedi soir, sans avoir toutefois re\u00e7u de notification officielle de la mesure.<\/p>\n\n\n\n<h2 class=\"wp-block-heading\">Un opposant emprisonn\u00e9 depuis quatre ans sans jugement<\/h2>\n\n\n\n<p><em>\u00ab\u00a0Du matin au soir ils [les diplomates] r\u00e9p\u00e8tent\u00a0: Kavala, Kavala\u2026 Mais celui dont vous parlez, Kavala, c\u2019est l\u2019agent de Soros en Turquie\u00a0\u00bb<\/em>, a affirm\u00e9 le pr\u00e9sident Erdogan durant une r\u00e9union publique, faisant une nouvelle fois r\u00e9f\u00e9rence au milliardaire am\u00e9ricain d\u2019origine hongroise George Soros auquel il compare r\u00e9guli\u00e8rement l\u2019opposant.<\/p>\n\n\n\n<p>Emprisonn\u00e9 depuis quatre ans sans jugement, Osman Kavala est accus\u00e9 depuis 2013, par le r\u00e9gime du pr\u00e9sident Erdogan, de vouloir d\u00e9stabiliser la Turquie.Comment Erdogan tente de contr\u00f4ler la communaut\u00e9 turque de France<\/p>\n\n\n\n<p>Dans un communiqu\u00e9 publi\u00e9 lundi soir, le Canada, la France, la Finlande, le Danemark, l\u2019Allemagne, les Pays-Bas, la Nouvelle-Z\u00e9lande, la Norv\u00e8ge, la Su\u00e8de et les Etats-Unis ont appel\u00e9 \u00e0 un&nbsp;<em>\u00ab&nbsp;r\u00e8glement juste et rapide de l\u2019affaire&nbsp;\u00bb<\/em>&nbsp;Osman Kavala, homme d\u2019affaires et m\u00e9c\u00e8ne turc devenu une des b\u00eates noires du r\u00e9gime, emprisonn\u00e9 depuis quatre ans sans jugement.<\/p>\n\n\n\n<p>D\u00e8s le lendemain, leurs ambassadeurs \u00e9taient convoqu\u00e9s au minist\u00e8re des Affaires \u00e9trang\u00e8res, les autorit\u00e9s turques jugeant&nbsp;<em>\u00ab&nbsp;inacceptable&nbsp;\u00bb<\/em>&nbsp;leur d\u00e9marche. Le chef de l\u2019Etat turc avait ensuite brandi la menace d\u2019une expulsion \u00e0 son retour d\u2019une tourn\u00e9e africaine, jeudi.<\/p>\n\n\n\n<h2 class=\"wp-block-heading\">\u00ab&nbsp;Rien qui puisse justifier l\u2019expulsion&nbsp;\u00bb<\/h2>\n\n\n\n<p>Parmi les premiers pays \u00e0 r\u00e9agir, samedi soir, la Su\u00e8de, la Norv\u00e8ge, le Danemark et les Pays-Bas ainsi que l\u2019Allemagne ont fait savoir qu\u2019ils n\u2019avaient re\u00e7u aucune notification officielle concernant leurs ambassadeurs respectifs \u00e0 ce stade. Un peu plus tard, les Etats-Unis ont fait de m\u00eame.La strat\u00e9gie gagnante d\u2019Erdogan en M\u00e9diterran\u00e9e orientale<\/p>\n\n\n\n<p><em>\u00ab&nbsp;Nous sommes au courant de ces informations et cherchons \u00e0 en savoir plus aupr\u00e8s du minist\u00e8re turc des Affaires \u00e9trang\u00e8res&nbsp;\u00bb<\/em>, a indiqu\u00e9 samedi un porte-parole du D\u00e9partement d\u2019Etat am\u00e9ricain.<\/p>\n\n\n\n<p><em>\u00ab\u00a0Notre ambassadeur n\u2019a rien fait qui puisse justifier l\u2019expulsion\u00a0\u00bb<\/em>, a affirm\u00e9 une porte-parole du minist\u00e8re norv\u00e9gien des Affaires \u00e9trang\u00e8res, Trude M\u00e5seide, cit\u00e9e par l\u2019agence de presse NTB, ajoutant que son pays\u00a0<em>\u00ab\u00a0continuera d\u2019exhorter la Turquie \u00e0 adh\u00e9rer aux normes d\u00e9mocratiques\u00a0\u00bb<\/em>.\u00a0<em>\u00ab\u00a0Nous sommes actuellement en consultation intensive avec les neuf autres pays concern\u00e9s\u00a0\u00bb<\/em>, a de son c\u00f4t\u00e9 annonc\u00e9 le minist\u00e8re allemand des Affaires \u00e9trang\u00e8res.<\/p>\n\n\n\n<p>Source : L&#8217;observateur<\/p>\n","protected":false},"excerpt":{"rendered":"<p>Le pr\u00e9sident turc Recep Tayyip Erdogan a annonc\u00e9 samedi 23&nbsp;octobre avoir ordonn\u00e9 l\u2019expulsion,&nbsp;\u00ab&nbsp;au plus vite&nbsp;\u00bb, des dix ambassadeurs dont ceux de France, d\u2019Allemagne et des Etats-Unis, qui ont r\u00e9clam\u00e9 la&hellip; <\/p>\n","protected":false},"author":87,"featured_media":11233,"comment_status":"open","ping_status":"closed","sticky":false,"template":"","format":"standard","meta":{"_bbp_topic_count":0,"_bbp_reply_count":0,"_bbp_total_topic_count":0,"_bbp_total_reply_count":0,"_bbp_voice_count":0,"_bbp_anonymous_reply_count":0,"_bbp_topic_count_hidden":0,"_bbp_reply_count_hidden":0,"_bbp_forum_subforum_count":0,"ngg_post_thumbnail":0},"categories":[99,108,102,106,204],"tags":[],"_links":{"self":[{"href":"https:\/\/maghreb-observateur.com\/index.php?rest_route=\/wp\/v2\/posts\/11232"}],"collection":[{"href":"https:\/\/maghreb-observateur.com\/index.php?rest_route=\/wp\/v2\/posts"}],"about":[{"href":"https:\/\/maghreb-observateur.com\/index.php?rest_route=\/wp\/v2\/types\/post"}],"author":[{"embeddable":true,"href":"https:\/\/maghreb-observateur.com\/index.php?rest_route=\/wp\/v2\/users\/87"}],"replies":[{"embeddable":true,"href":"https:\/\/maghreb-observateur.com\/index.php?rest_route=%2Fwp%2Fv2%2Fcomments&post=11232"}],"version-history":[{"count":1,"href":"https:\/\/maghreb-observateur.com\/index.php?rest_route=\/wp\/v2\/posts\/11232\/revisions"}],"predecessor-version":[{"id":11234,"href":"https:\/\/maghreb-observateur.com\/index.php?rest_route=\/wp\/v2\/posts\/11232\/revisions\/11234"}],"wp:featuredmedia":[{"embeddable":true,"href":"https:\/\/maghreb-observateur.com\/index.php?rest_route=\/wp\/v2\/media\/11233"}],"wp:attachment":[{"href":"https:\/\/maghreb-observateur.com\/index.php?rest_route=%2Fwp%2Fv2%2Fmedia&parent=11232"}],"wp:term":[{"taxonomy":"category","embeddable":true,"href":"https:\/\/maghreb-observateur.com\/index.php?rest_route=%2Fwp%2Fv2%2Fcategories&post=11232"},{"taxonomy":"post_tag","embeddable":true,"href":"https:\/\/maghreb-observateur.com\/index.php?rest_route=%2Fwp%2Fv2%2Ftags&post=11232"}],"curies":[{"name":"wp","href":"https:\/\/api.w.org\/{rel}","templated":true}]}}