{"id":11181,"date":"2021-10-21T17:04:40","date_gmt":"2021-10-21T22:04:40","guid":{"rendered":"https:\/\/maghreb-observateur.com\/?p=11181"},"modified":"2021-10-21T17:04:42","modified_gmt":"2021-10-21T22:04:42","slug":"une-marche-blanche-egalement-pour-loubna-benaissa","status":"publish","type":"post","link":"https:\/\/maghreb-observateur.com\/?p=11181","title":{"rendered":"Une marche blanche \u00e9galement pour Loubna Bena\u00efssa"},"content":{"rendered":"\n<p><img decoding=\"async\" loading=\"lazy\" width=\"1020\" height=\"560\" src=\"https:\/\/bx1.be\/wp-content\/uploads\/2021\/10\/127.jpg\" alt=\"\" srcset=\"https:\/\/bx1.be\/wp-content\/uploads\/2021\/10\/127.jpg 1020w, https:\/\/bx1.be\/wp-content\/uploads\/2021\/10\/127-560x307.jpg 560w, https:\/\/bx1.be\/wp-content\/uploads\/2021\/10\/127-768x422.jpg 768w, https:\/\/bx1.be\/wp-content\/uploads\/2021\/10\/127-150x82.jpg 150w, https:\/\/bx1.be\/wp-content\/uploads\/2021\/10\/127-319x175.jpg 319w, https:\/\/bx1.be\/wp-content\/uploads\/2021\/10\/127-260x143.jpg 260w\"><\/p>\n\n\n\n<p><strong>Le 20 octobre 1996, la famille de Loubna Bena\u00efssa avait \u00e9t\u00e9 invit\u00e9e par les parents des victimes de Marc Dutroux pour marcher \u00e0 leurs c\u00f4t\u00e9s dans les rues de Bruxelles. La petite Loubna, 9 ans, avait disparu le 9 ao\u00fbt 1992. Lors de la Marche blanche, elle n\u2019avait toujours pas \u00e9t\u00e9 retrouv\u00e9e.<\/strong><\/p>\n\n\n\n<p>Le drame est survenu le 5 ao\u00fbt 1992. Loubna Bena\u00efssa est \u00e2g\u00e9e de 9 ans. Elle habite \u00e0 Ixelles, rue Gray. Elle rentre des courses avec sa m\u00e8re et sa s\u0153ur Nabela. Sa m\u00e8re s\u2019aper\u00e7oit qu\u2019elle a oubli\u00e9 du yaourt et demande \u00e0 Loubna de retourner le chercher au supermarch\u00e9 de la rue Goffart. Elle passe devant une station service Q8 situ\u00e9e au croisement de la rue W\u00e9ry et de l\u2019avenue de la Couronne. Jamais elle ne rentrera chez elle.<\/p>\n\n\n\n<p>Lorsque la famille d\u2019origine marocaine se rend au commissariat pour signaler la disparition, les agents prennent la d\u00e9position mais ne lance pas d\u2019enqu\u00eate. Plus tard, Nabela Bena\u00efssa dira qu\u2019elle a eu l\u2019impression qu\u2019elle signalait un vol de portefeuille.<\/p>\n\n\n\n<p>Pourtant, sur le chemin emprunt\u00e9 par Loubna, deux p\u00e9dophiles sont enregistr\u00e9s et connus des services de police. Elle les interrogera. Le premier est innocent\u00e9 car il se trouve en Alg\u00e9rie au moment de l\u2019enl\u00e8vement. Le second, Patrick Derochette dit s\u2019\u00eatre rendu \u00e0 un d\u00e9jeuner avec son fr\u00e8re de 11h30 \u00e0 13h30. L\u2019alibi suffit aux policiers et n\u2019est pas v\u00e9rifi\u00e9.<\/p>\n\n\n\n<p>Pourtant, Patrick Derochette qui est le fils du propri\u00e9taire de la station-service, a \u00e9t\u00e9 condamn\u00e9 pour trois attentats \u00e0 la pudeur et viols sur des gar\u00e7ons de 9 \u00e0 13 ans entre 1982 et 1984. Il passera en correctionnelle et le tribunal le condamne \u00e0 l\u2019internement. Malgr\u00e9 les rapports des experts, 50 jours plus tard, il sort.<\/p>\n\n\n\n<h2 class=\"wp-block-heading\">Des manquements dans l\u2019enqu\u00eate<\/h2>\n\n\n\n<p>Pour retrouver Loubna, des chiens pisteurs sont demand\u00e9s mais 16 jours apr\u00e8s le signalement de la disparition, leurs ma\u00eetres \u00e9tant en vacances. Ils ne seront finalement pas utilis\u00e9s. Aucun juge d\u2019instruction n\u2019est d\u00e9sign\u00e9. Les parents sont laiss\u00e9s seuls avec leurs questions.<\/p>\n\n\n\n<p>Jusqu\u2019au jour o\u00f9 l\u2019affaire Dutroux \u00e9clate. Les parents de plusieurs enfants victimes de violences sexuelles se regroupent. La famille de Loubna marche aux c\u00f4t\u00e9s des Lejeune, Russo, Marchal et Lambrecks. Cela fait quatre ans que Loubna a disparu. L\u2019affaire s\u2019enlise. Un appel est lanc\u00e9 durant la Marche blanche. Il sera entendu par Michel Bourlet, procureur du Roi \u00e0 Neufch\u00e2teau.<\/p>\n\n\n\n<p>Michel Bourlet a mis \u00e0 jour la cachette de Marc Dutroux et il lancera une cellule \u201cLoubna Bena\u00efssa\u201d dirig\u00e9e par la gendarmerie bruxelloise. Les gendarmes font le travail qui n\u2019a jamais \u00e9t\u00e9 effectu\u00e9 pr\u00e9c\u00e9demment. Ils s\u2019aper\u00e7oivent que l\u2019alibi de Patrick Derochette ne tient pas. Son d\u00e9jeuner avec son fr\u00e8re s\u2019est termin\u00e9 \u00e0 12h30, le moment o\u00f9 Loubna passait devant la station-service.<\/p>\n\n\n\n<p>Dans la nuit du mercredi 5, des gendarmes fouillent une imprimerie d\u00e9saffect\u00e9e et une polyclinique, la station ayant \u00e9t\u00e9 d\u00e9j\u00e0 fouill\u00e9e par la police en 1992. Cette fois, un chien est utilis\u00e9. Les hommes retournent quand m\u00eame \u00e0 la station-service. Le chien trouvera une malle m\u00e9tallique avec un corps d\u2019enfant.<\/p>\n\n\n\n<p>Rapidement, la gendarmerie identifie Loubna Bena\u00efssa et confirme qu\u2019elle a subi des violences sexuelles. Patrick Derochette a 33 ans. Il est conduit \u00e0 Neufch\u00e2teau.<\/p>\n\n\n\n<p>Michel Nihoul est \u00e9galement inculp\u00e9 pour l\u2019enl\u00e8vement de Loubna Bena\u00efssa mais un non-lieux sera prononc\u00e9. Patrick Derochette a agi seul mais n\u2019est pas jug\u00e9 par la justice. L\u2019expertise psychiatrique le reconna\u00eet irresponsable de ses actes. Il est intern\u00e9 en ao\u00fbt 1999 dans un \u00e9tablissement pr\u00e8s de Tournai. Il y d\u00e9c\u00e8de en d\u00e9cembre 2016 \u00e0 l\u2019\u00e2ge de 52 ans.<\/p>\n\n\n\n<h2 class=\"wp-block-heading\">Les suites<\/h2>\n\n\n\n<p>Beno\u00eet Dejemeppe est procureur du Roi \u00e0 Bruxelles lors de la disparition de la petite fille. Le rapport de la commission parlementaire Dutroux estime que Beno\u00eet Dejemeppe&nbsp;\u00ab ne satisfait pas aux conditions requises pour conduire son parquet\u201d. Pendant trois ans, une proc\u00e9dure disciplinaire sera men\u00e9e contre lui. Beno\u00eet Dejemeppe ne d\u00e9missionne pas et est soutenu par certains magistrats. Il est acquitt\u00e9 en novembre 2000 mais des fautes sont tout de m\u00eame constat\u00e9es.&nbsp;<\/p>\n\n\n\n<p>Le fonctionnement de la police ixelloise a aussi \u00e9t\u00e9 remis en question. A l\u2019\u00e9poque, pour rentrer dans la police locale, il suffisait de passer un examen devant un jury compos\u00e9 de quelques commissaires, du bourgmestres et de conseillers communaux. Ils v\u00e9rifiaient les aptitudes en sport, l\u2019obtention du dipl\u00f4me de secondaires inf\u00e9rieures et les connaissances en n\u00e9erlandais.&nbsp;<em>\u201cJe me souviens que la police allait souvent faire le plein \u00e0 cette station-service,&nbsp;<\/em>raconte Yves de Jonghe d\u2019Ardoy, bourgmestre d\u2019Ixelles en 1997.&nbsp;<em>Le fils Derochette \u00e9tait un peu simplet et rigolait avec les policiers. Ils n\u2019imaginaient pas qu\u2019il puisse \u00eatre l\u2019auteur de l\u2019enl\u00e8vement. Les policiers \u00e9taient all\u00e9s frapp\u00e9s \u00e0 toutes les portes des voisins pour voir si Loubna n\u2019\u00e9tait pas chez eux mais ils n\u2019ont jamais eu de mandat de perquisition. \u201c<\/em><\/p>\n\n\n\n<h2 class=\"wp-block-heading\">Un soul\u00e8vement populaire<\/h2>\n\n\n\n<p>Quand le corps de la fillette a \u00e9t\u00e9 d\u00e9couvert, plusieurs manifestations ont eu lieu dans les rues ixelloises et la tension \u00e9tait palpable. La population remettait en cause les enqu\u00eateurs.<\/p>\n\n\n\n<p>Charles Picqu\u00e9 \u00e9tait ministre-pr\u00e9sident de la R\u00e9gion bruxelloise lors des faits. Pour lui aussi, le choc fut grand.&nbsp;<em>\u201cC\u2019\u00e9tait l\u2019horreur. J\u2019en avais la naus\u00e9e. Et rapidement, on s\u2019est demand\u00e9 s\u2019il y avait un lien avec l\u2019affaire Dutroux. Ce n\u2019\u00e9tait pas le cas mais nous nous sommes pos\u00e9s beaucoup de questions, notamment sur les manquements de l\u2019enqu\u00eate. Tr\u00e8s vite s\u2019est impos\u00e9e la n\u00e9cessit\u00e9 de r\u00e9former les polices avec des moyens suppl\u00e9mentaires. C\u2019\u00e9tait une responsabilit\u00e9 collective \u00e0 porter.\u201d<\/em><\/p>\n\n\n\n<p>L\u2019ancien bourgmestre d\u2019Ixelles se souvient s\u2019\u00eatre rendu \u00e0 Tanger pour les fun\u00e9railles de Loubna.&nbsp;<em>\u201cDes milliers de personnes ont assist\u00e9 aux fun\u00e9railles. La veille, j\u2019ai mang\u00e9 avec la famille Bena\u00efssa qui \u00e9tait tr\u00e8s sereine. J\u2019avais une escorte polici\u00e8re car beaucoup de personnes voulaient se venger et comme j\u2019\u00e9tais le chef de la police, j\u2019\u00e9tais responsable. Le jour de l\u2019enterrement, le p\u00e8re Bena\u00efssa me tenait le bras en t\u00eate de cort\u00e8ge. C\u2019\u00e9tait une le\u00e7on de dignit\u00e9.\u201d<\/em><\/p>\n\n\n\n<h2 class=\"wp-block-heading\">Un lieu de m\u00e9moire<\/h2>\n\n\n\n<p>La famille Derochette a d\u00fb changer de nom et a termin\u00e9 ses jours dans un logement du CPAS d\u2019Ixelles. Loubna repose en paix \u00e0 Tanger. Sa famille est retourn\u00e9e au Maroc. Sa soeur, Nabela a fait des \u00e9tudes de droits et vit aux Etats-Unis.<\/p>\n\n\n\n<p>La pompe \u00e0 essence a \u00e9t\u00e9 rachet\u00e9e par la commune en 2001 pour un franc symbolique. Elle a \u00e9t\u00e9 d\u00e9truite. Aucune plaque comm\u00e9morative n\u2019a \u00e9t\u00e9 install\u00e9e. A la place a \u00e9t\u00e9 plant\u00e9 un arbre et une fresque recouvre les murs des maisons.<\/p>\n\n\n\n<figure class=\"wp-block-image\"><img decoding=\"async\" src=\"https:\/\/bx1.be\/wp-content\/uploads\/2021\/10\/place-loubna.jpg\" alt=\"\" class=\"wp-image-538499\"\/><\/figure>\n\n\n\n<p><em>Vanessa Lhuillier \u2013 Photo: BX1<\/em><\/p>\n\n\n\n<p>Source : BX1 <\/p>\n","protected":false},"excerpt":{"rendered":"<p>Le 20 octobre 1996, la famille de Loubna Bena\u00efssa avait \u00e9t\u00e9 invit\u00e9e par les parents des victimes de Marc Dutroux pour marcher \u00e0 leurs c\u00f4t\u00e9s dans les rues de Bruxelles.&hellip; <\/p>\n","protected":false},"author":87,"featured_media":11182,"comment_status":"closed","ping_status":"closed","sticky":false,"template":"","format":"standard","meta":{"_bbp_topic_count":0,"_bbp_reply_count":0,"_bbp_total_topic_count":0,"_bbp_total_reply_count":0,"_bbp_voice_count":0,"_bbp_anonymous_reply_count":0,"_bbp_topic_count_hidden":0,"_bbp_reply_count_hidden":0,"_bbp_forum_subforum_count":0,"ngg_post_thumbnail":0},"categories":[102,205,206],"tags":[],"_links":{"self":[{"href":"https:\/\/maghreb-observateur.com\/index.php?rest_route=\/wp\/v2\/posts\/11181"}],"collection":[{"href":"https:\/\/maghreb-observateur.com\/index.php?rest_route=\/wp\/v2\/posts"}],"about":[{"href":"https:\/\/maghreb-observateur.com\/index.php?rest_route=\/wp\/v2\/types\/post"}],"author":[{"embeddable":true,"href":"https:\/\/maghreb-observateur.com\/index.php?rest_route=\/wp\/v2\/users\/87"}],"replies":[{"embeddable":true,"href":"https:\/\/maghreb-observateur.com\/index.php?rest_route=%2Fwp%2Fv2%2Fcomments&post=11181"}],"version-history":[{"count":1,"href":"https:\/\/maghreb-observateur.com\/index.php?rest_route=\/wp\/v2\/posts\/11181\/revisions"}],"predecessor-version":[{"id":11183,"href":"https:\/\/maghreb-observateur.com\/index.php?rest_route=\/wp\/v2\/posts\/11181\/revisions\/11183"}],"wp:featuredmedia":[{"embeddable":true,"href":"https:\/\/maghreb-observateur.com\/index.php?rest_route=\/wp\/v2\/media\/11182"}],"wp:attachment":[{"href":"https:\/\/maghreb-observateur.com\/index.php?rest_route=%2Fwp%2Fv2%2Fmedia&parent=11181"}],"wp:term":[{"taxonomy":"category","embeddable":true,"href":"https:\/\/maghreb-observateur.com\/index.php?rest_route=%2Fwp%2Fv2%2Fcategories&post=11181"},{"taxonomy":"post_tag","embeddable":true,"href":"https:\/\/maghreb-observateur.com\/index.php?rest_route=%2Fwp%2Fv2%2Ftags&post=11181"}],"curies":[{"name":"wp","href":"https:\/\/api.w.org\/{rel}","templated":true}]}}