{"id":11092,"date":"2023-10-24T05:32:58","date_gmt":"2023-10-24T10:32:58","guid":{"rendered":"https:\/\/maghreb-observateur.com\/?p=11092"},"modified":"2023-10-24T05:33:18","modified_gmt":"2023-10-24T10:33:18","slug":"garderies-au-quebec-ceux-qui-beneficient-de-tout-et-ceux-qui-ne-beneficient-de-rien","status":"publish","type":"post","link":"https:\/\/maghreb-observateur.com\/?p=11092","title":{"rendered":"Garderies au Qu\u00e9bec &#8220;ceux qui b\u00e9n\u00e9ficient de tout et ceux qui ne b\u00e9n\u00e9ficient de rien&#8221;"},"content":{"rendered":"\n<figure class=\"wp-block-image size-large\"><a href=\"https:\/\/maghreb-observateur.com\/wp-content\/uploads\/2021\/06\/Depositphotos_69958161_xl-2015-scaled.jpg\" rel=\"shadowbox[sbpost-11092];player=img;\"><img decoding=\"async\" loading=\"lazy\" width=\"2560\" height=\"1707\" src=\"https:\/\/maghreb-observateur.com\/wp-content\/uploads\/2021\/06\/Depositphotos_69958161_xl-2015-scaled.jpg\" alt=\"\" class=\"wp-image-9256\" srcset=\"https:\/\/maghreb-observateur.com\/wp-content\/uploads\/2021\/06\/Depositphotos_69958161_xl-2015-scaled.jpg 2560w, https:\/\/maghreb-observateur.com\/wp-content\/uploads\/2021\/06\/Depositphotos_69958161_xl-2015-300x200.jpg 300w\" sizes=\"(max-width: 2560px) 100vw, 2560px\" \/><\/a><\/figure>\n\n\n\n<hr class=\"wp-block-separator has-css-opacity\"\/>\n\n\n\n<p>MONTR\u00c9AL, le&nbsp;14 oct. 2021&nbsp;\/CNW Telbec\/ &#8211; Dans la continuit\u00e9 de nos actions afin d&#8217;obtenir l&#8217;\u00e9quit\u00e9 dans tout le r\u00e9seau, et comme il n&#8217;y a eu aucune avanc\u00e9e, les garderies non subventionn\u00e9es ayant r\u00e9pondu \u00e0 l&#8217;appel de l&#8217;Alliance (AQGPNS) ont d\u00e9cid\u00e9 de fermer les journ\u00e9es du 20 et 21 octobre.<\/p>\n\n\n\n<p>Ces garderies d\u00e9plorent ce syst\u00e8me inique depuis plus de 22 ans qui a cr\u00e9\u00e9 deux types de contribuables&nbsp;;<\/p>\n\n\n\n<p><strong>&#8220;<\/strong><strong><em>ceux qui b\u00e9n\u00e9ficient de tout et ceux qui ne b\u00e9n\u00e9ficient de rien<\/em><\/strong><strong>&#8220;<\/strong>,<\/p>\n\n\n\n<p>n&#8217;a plus sa place dans un pays d\u00e9mocratique. Au lieu d&#8217;homog\u00e9n\u00e9iser tout le r\u00e9seau en faisant b\u00e9n\u00e9ficier tous les parents sans exception, y compris ceux dans l&#8217;aide sociale, des m\u00eames services et de la m\u00eame contribution r\u00e9duite de&nbsp;$8.50&nbsp;partout dans le r\u00e9seau, priv\u00e9 ou non, subventionn\u00e9 ou non.<\/p>\n\n\n\n<p>Ce gouvernement, d\u00e8s son \u00e9lection, a vite fait d&#8217;abolir la modulation sans rien proposer en \u00e9change. R\u00e9tablissant ainsi une injustice corrig\u00e9e par son pr\u00e9d\u00e9cesseur.<\/p>\n\n\n\n<p>Sachant que tous les&nbsp;parents, qui sont aussi des contribuables, ont droit \u00e0 une place subventionn\u00e9e, et ce, selon le premier article de la loi sur les services de garde, qui stipule bien que tous les enfants ont droit \u00e0 une place ainsi que celui de choisir le service de garde qui leur convient et jouir des m\u00eames avantages partout, les garderies non subventionn\u00e9es (GNS), projettent de protester en fermant,&nbsp;<strong>le 20 et 21 octobre prochain<\/strong>, et demandent donc&nbsp;aux&nbsp;\u00e9ducatrices ainsi qu&#8217;\u00e0 tous les&nbsp;parents&nbsp;dont les enfants fr\u00e9quentent les GNS, de les appuyer.&nbsp;<\/p>\n\n\n\n<p><strong>Voici nos revendications&nbsp;:<\/strong><\/p>\n\n\n\n<ul>\n<li><strong>\u00c9quit\u00e9 dans ce r\u00e9seau. Des centaines de milliers de familles qu\u00e9b\u00e9coises ont souffert du manque d&#8217;\u00e9quit\u00e9, et ce, depuis sa cr\u00e9ation. Cette politique a juste cr\u00e9\u00e9 deux types de contribuables&nbsp;: Ceux qui b\u00e9n\u00e9ficient de tout et ceux qui ne b\u00e9n\u00e9ficient de rien.<\/strong><\/li>\n\n\n\n<li><strong>Appliquer l&#8217;universalit\u00e9 au sens propre du terme, en permettant \u00e0 tous les parents de payer le m\u00eame tarif r\u00e9duit de 8.50$ partout dans tout le r\u00e9seau&nbsp;; subventionn\u00e9 ou pas. Par conversion des places ou en bonifiant les remboursements anticip\u00e9s.<\/strong><\/li>\n\n\n\n<li><strong>Que tous les parents et sans exception b\u00e9n\u00e9ficient des m\u00eames services, notamment ceux destin\u00e9s aux enfants qui ont des besoins particuliers.<\/strong><\/li>\n\n\n\n<li><strong>Permettre aux parents, ainsi que le stipule le premier article de la loi sur les services de garde, d&#8217;avoir une place ainsi que le choix&nbsp;; le vrai. Celui de choisir le service de garde qui leur convient.<\/strong><\/li>\n\n\n\n<li><strong>Faire b\u00e9n\u00e9ficier les parents des services particuliers dont ont besoin leurs enfants.<\/strong><\/li>\n\n\n\n<li><strong>Aider les garderies non subventionn\u00e9es au m\u00eame titre que les CPE\/MF\/GS en cette pand\u00e9mie. Sachant que les services de garde dans toutes les provinces en ont b\u00e9n\u00e9fici\u00e9.<\/strong><\/li>\n\n\n\n<li><strong>Changer le caract\u00e8re discriminatoire et limitatif des appels d&#8217;offres qui allouent 85% des places aux CPE. Et laisser les appels d&#8217;offres ouverts \u00e0 toutes les installations sans barri\u00e8res ni limites.<\/strong><\/li>\n\n\n\n<li><strong>Accepter que les parents soient repr\u00e9sent\u00e9s dans les comit\u00e9s consultatifs du Minist\u00e8re de la Famille.<\/strong><\/li>\n\n\n\n<li><strong>Dissolution de la place 0-5.<\/strong><\/li>\n<\/ul>\n\n\n\n<p><strong>Au cas o\u00f9 le gouvernement choisit de nous ignorer, trois autres jours de fermeture seront programm\u00e9s. Et ainsi de suite.<br><\/strong><strong>Nous n&#8217;avons plus le choix. Notre existence est en p\u00e9ril.<\/strong><\/p>\n\n\n\n<p><strong>Toutes les garderies sont invit\u00e9es \u00e0 remplir le formulaire suivant&nbsp;:<\/strong><\/p>\n\n\n\n<p><a href=\"https:\/\/c212.net\/c\/link\/?t=0&amp;l=fr&amp;o=3322908-1&amp;h=1513747327&amp;u=http%3A%2F%2Fgarderiesns.com%2Findex.php%2Fconsultations%2Fconsultation-pour-des-journees-de-fermeture&amp;a=http%3A%2F%2Fgarderiesns.com%2Findex.php%2Fconsultations%2Fconsultation-pour-des-journees-de-fermeture\" rel=\"noreferrer noopener\" target=\"_blank\">http:\/\/garderiesns.com\/index.php\/consultations\/consultation-pour-des-journees-de-fermeture<\/a><\/p>\n\n\n\n<p>SOURCE AQGPNS<img decoding=\"async\" alt=\"\" src=\"https:\/\/rt.newswire.ca\/rt.gif?NewsItemId=C4623&amp;Transmission_Id=202110140630CANADANWCANADAPF_C4623&amp;DateId=20211014\"><\/p>\n\n\n\n<p>Renseignements: <\/p>\n\n\n\n<p>Khalid Daher, Pr\u00e9sident de l&#8217;AQGPNS, Alliance Qu\u00e9b\u00e9coise des Garderies Priv\u00e9es Non Subventionn\u00e9es<\/p>\n\n\n\n<p>info@garderiesns.com<\/p>\n\n\n\n<p>514.299.90.45<\/p>\n\n\n\n<p>AQGPNS<\/p>\n\n\n\n<h4 class=\"wp-block-heading\">Liens connexes<\/h4>\n\n\n\n<p><a href=\"http:\/\/garderiesns.com\/\" rel=\"noreferrer noopener\" target=\"_blank\">garderiesns.com<\/a><\/p>\n","protected":false},"excerpt":{"rendered":"<p>MONTR\u00c9AL, le&nbsp;14 oct. 2021&nbsp;\/CNW Telbec\/ &#8211; Dans la continuit\u00e9 de nos actions afin d&#8217;obtenir l&#8217;\u00e9quit\u00e9 dans tout le r\u00e9seau, et comme il n&#8217;y a eu aucune avanc\u00e9e, les garderies non&hellip; <\/p>\n","protected":false},"author":82,"featured_media":9424,"comment_status":"open","ping_status":"closed","sticky":false,"template":"","format":"standard","meta":{"_bbp_topic_count":0,"_bbp_reply_count":0,"_bbp_total_topic_count":0,"_bbp_total_reply_count":0,"_bbp_voice_count":0,"_bbp_anonymous_reply_count":0,"_bbp_topic_count_hidden":0,"_bbp_reply_count_hidden":0,"_bbp_forum_subforum_count":0,"ngg_post_thumbnail":0},"categories":[193,103,114],"tags":[],"_links":{"self":[{"href":"https:\/\/maghreb-observateur.com\/index.php?rest_route=\/wp\/v2\/posts\/11092"}],"collection":[{"href":"https:\/\/maghreb-observateur.com\/index.php?rest_route=\/wp\/v2\/posts"}],"about":[{"href":"https:\/\/maghreb-observateur.com\/index.php?rest_route=\/wp\/v2\/types\/post"}],"author":[{"embeddable":true,"href":"https:\/\/maghreb-observateur.com\/index.php?rest_route=\/wp\/v2\/users\/82"}],"replies":[{"embeddable":true,"href":"https:\/\/maghreb-observateur.com\/index.php?rest_route=%2Fwp%2Fv2%2Fcomments&post=11092"}],"version-history":[{"count":4,"href":"https:\/\/maghreb-observateur.com\/index.php?rest_route=\/wp\/v2\/posts\/11092\/revisions"}],"predecessor-version":[{"id":22325,"href":"https:\/\/maghreb-observateur.com\/index.php?rest_route=\/wp\/v2\/posts\/11092\/revisions\/22325"}],"wp:featuredmedia":[{"embeddable":true,"href":"https:\/\/maghreb-observateur.com\/index.php?rest_route=\/wp\/v2\/media\/9424"}],"wp:attachment":[{"href":"https:\/\/maghreb-observateur.com\/index.php?rest_route=%2Fwp%2Fv2%2Fmedia&parent=11092"}],"wp:term":[{"taxonomy":"category","embeddable":true,"href":"https:\/\/maghreb-observateur.com\/index.php?rest_route=%2Fwp%2Fv2%2Fcategories&post=11092"},{"taxonomy":"post_tag","embeddable":true,"href":"https:\/\/maghreb-observateur.com\/index.php?rest_route=%2Fwp%2Fv2%2Ftags&post=11092"}],"curies":[{"name":"wp","href":"https:\/\/api.w.org\/{rel}","templated":true}]}}