{"id":11076,"date":"2021-10-14T10:47:55","date_gmt":"2021-10-14T15:47:55","guid":{"rendered":"https:\/\/maghreb-observateur.com\/?p=11076"},"modified":"2021-10-14T10:48:40","modified_gmt":"2021-10-14T15:48:40","slug":"belgique-soupconner-le-maroc-despionnage-est-une-lourde-accusation-interview","status":"publish","type":"post","link":"https:\/\/maghreb-observateur.com\/?p=11076","title":{"rendered":"Belgique : \u00abSoup\u00e7onner le Maroc d\u2019espionnage est une lourde accusation\u00bb [Interview]"},"content":{"rendered":"\n<p>Vice-pr\u00e9sident de l\u2019Ex\u00e9cutif des musulmans de Belgique (EMB) et pr\u00e9sident de cette instance en 2014, Noureddine Sma\u00efli s\u2019exprime, une semaine apr\u00e8s les pol\u00e9miques entre l\u2019institution et le minist\u00e8re de la Justice belge, qui a \u00e9voqu\u00e9 un \u00e9ventuel espionnage pour le Maroc. En janvier dernier, le responsable\u00a0a succ\u00e9d\u00e9 \u00e0 Salah Echallaoui, qui a d\u00e9missionn\u00e9 de ses fonctions \u00e0 cause de ces soup\u00e7ons.<img decoding=\"async\" width=\"100%\" src=\"https:\/\/static.yabiladi.com\/files\/articles\/117148_e8d0b62aa1cd8d85f1721e58b259163920211011180157_thumb_565.jpg\" alt=\"\">Noureddine Sma\u00efli, vice-pr\u00e9sident de l&#8217;EMB \/ DR.<strong>Temps de lecture: 4&#8242;<\/strong><\/p>\n\n\n\n<p><strong>Depuis plusieurs mois, des d\u00e9clarations du minist\u00e8re de la Justice font \u00e9tat de soup\u00e7ons d\u2019ing\u00e9rence que l\u2019EMB r\u00e9fute et d\u00e9nonce. Comment la pol\u00e9mique est-elle n\u00e9e ?<\/strong><\/p>\n\n\n\n<p>On parle d\u2019ing\u00e9rence, mais quelle ing\u00e9rence\u00a0? Est-il sous-entendu que le Maroc s\u2019ing\u00e9rerait dans les affaires belges\u00a0? Le ministre de la Justice \u00e9voque un\u00a0soup\u00e7on d\u2019espionnage, qui est un mot tr\u00e8s tr\u00e8s lourd, \u00e0 mon sens ! Le Maroc et la Belgique sont des pays amis de longue date. La coop\u00e9ration belgo-marocaine est tr\u00e8s d\u00e9velopp\u00e9e. Le Maroc a grandement aid\u00e9 la Belgique \u00e0 trouver Salah Abdessalam en lui montrant sa planque. La collaboration bilat\u00e9rale va donc bon train et je trouve que ces soup\u00e7ons sont une erreur. Toujours est-il que je fais confiance \u00e0 la Justice de mon pays.\u00a0Monsieur le ministre a tenu des propos, l\u2019Ex\u00e9cutif des musulmans de Belgique (EMB) en la personne de Salah Chellaoui s\u2019est d\u00e9fendu et la v\u00e9rit\u00e9 sera connue un jour.<\/p>\n\n\n\n<p>Mais dire que le Maroc espionne la Belgique est totalement injuste, d\u2019autant que nous sommes des pays fr\u00e8res, que les deux rois chefs d\u2019Etats sont tr\u00e8s estim\u00e9s l\u2019un aupr\u00e8s de l\u2019autre depuis feu Mohammed V. Je pense que les soup\u00e7ons d\u2019espionnages sont une erreur malintentionn\u00e9e. Au niveau de la S\u00fbret\u00e9 de l\u2019Etat en Belgique, un avis a \u00e9t\u00e9 rendu, il peut \u00eatre favorable comme d\u00e9favorable, mais il reste \u00e0 justifier.<\/p>\n\n\n\n<p><strong>Les communications de part et d\u2019autre (EMB-Justice) interviennent dans un contexte o\u00f9 l\u2019islam en Europe est remis en avant dans les d\u00e9bats m\u00e9diatiques, notamment en France. Pensez-vous qu\u2019il y a de cela dans la situation de l\u2019EMB avec les parties qui le soup\u00e7onnent d\u2019ing\u00e9rence ?<\/strong><\/p>\n\n\n\n<p>Il faut comprendre qu\u2019il y a une tr\u00e8s grande diff\u00e9rence entre la r\u00e9publique fran\u00e7aise et le royaume belge. La la\u00efcit\u00e9 en France n\u2019est pas la position neutre adopt\u00e9e par l\u2019Etat belge. Les institutions cultuelles repr\u00e9sentent diff\u00e9rentes communaut\u00e9s religieuses, musulmanes, chr\u00e9tiennes, isra\u00e9lites&#8230; Tous leurs membres ont le droit d\u2019avoir d\u2019une institution qui les repr\u00e9sente et les d\u00e9fend. L\u2019EMB est le seul organe repr\u00e9sentatif de la communaut\u00e9 musulmane en Belgique. Ce qu\u2019il faut comprendre donc, c\u2019est que nous sommes l\u00e0 parce que l\u2019Etat donne le droit \u00e0 chacun de d\u00e9fendre ses valeurs, ce qui est merveilleux dans ce pays. Un organe de l\u2019Etat ne peut donc \u00eatre soup\u00e7onn\u00e9 d\u2019espionnage pour un pays tiers, c\u2019est totalement infond\u00e9. Nous sommes des citoyens belges.<\/p>\n\n\n\n<p>J\u2019ai \u00e9t\u00e9 pr\u00e9sident de cette instance en 2014 et \u00e0 ce jour, j\u2019ai rencontr\u00e9 des personnes haut-plac\u00e9es de l\u2019Etat,\u00a0dans le cadre de mes fonctions. Je peux vous assurer qu\u2019au niveau \u00e9tatique et institutionnel, il n\u2019y a aucune stigmatisation des musulmans en Belgique, d\u2019autant que nous sommes la seule institution cultuelle o\u00f9 les repr\u00e9sentants acc\u00e8dent \u00e0 leurs responsabilit\u00e9s \u00e0 l\u2019issue d\u2019\u00e9lections et de mani\u00e8re d\u00e9mocratique, car nous sommes dans cette d\u00e9mocratie belge que nous aimons tant. Au regard de la libert\u00e9 d\u2019expression, chacun a en revanche le droit de dire ce qu\u2019il veut. Mais nous avons le droit de nous d\u00e9fendre dans le cadre que nous permet la justice, de notre c\u00f4t\u00e9.<\/p>\n\n\n\n<p><strong>Ces derni\u00e8res ann\u00e9es, des changements ont \u00e9t\u00e9 op\u00e9r\u00e9s au sein de l\u2019EMB pour lever tout soup\u00e7on d\u2019ing\u00e9rence, notamment en mettant fin au financement \u00e9tranger. Ce projet a-t-il port\u00e9 ses fruits ?<\/strong><\/p>\n\n\n\n<p>Beaucoup de gens croient, en effet, qu\u2019il existe un financement \u00e9tranger du culte musulman en Belgique, ce qui est totalement faux. Ce qui existe, ce sont les dons, comme il y a ce que l\u2019on appelle \u00abla qu\u00eate\u00bb, dans les \u00e9glises. En d\u2019autres termes, nous sommes autofinanc\u00e9s par les fid\u00e8les. Il y a toujours une liste des noms et des pr\u00e9noms des donateurs, qui participent en cotisant pour le fonctionnement de la mosqu\u00e9e. La seule qui \u00e9tait dans les mains de l\u2019Arabie saoudite \u00e0 ce niveau est la Grande mosqu\u00e9e de Bruxelles, qui est\u00a0redevenue une mosqu\u00e9e comme les autres, en termes de financement.<\/p>\n\n\n\n<p>Je crois que chacun a le droit de se rendre dans l\u2019un de ces lieux reconnus pour consulter la liste des donateurs, qui contribuent au paiement des diff\u00e9rentes charges comme l\u2019eau, l\u2019\u00e9lectricit\u00e9, la logistique et ainsi de suite. Il y a des soup\u00e7ons, parfois de la peur, mais je peux vous assurer que sur les 300 mosqu\u00e9es officielles en Belgique, la S\u00fbret\u00e9 de l\u2019Etat nous met en garde quelques fois sur certains aspects qui m\u00e9ritent notre attention et la police fait son travail. Pour le reste, nous avons des gens qui vivent normalement et qui se rendent dans les mosqu\u00e9es pour faire leurs pri\u00e8res comme 98% des fid\u00e8les qui y affluent. C\u2019est cela notamment que nous avons h\u00e9rit\u00e9 du Maroc, o\u00f9 nous avons \u00e9t\u00e9 \u00e9duqu\u00e9s au vivre-ensemble. Nous n\u2019imposons ni notre foi, ni nos valeurs aux autres et nous vivons paisiblement l\u00e0 o\u00f9 nous sommes, au Maroc comme en Belgique.<\/p>\n\n\n\n<p><strong>L\u2019EMB fait d\u00e9sormais l\u2019objet d\u2019une deuxi\u00e8me mise en demeure. Comment l\u2019Ex\u00e9cutif envisage-t-il d\u2019y r\u00e9pondre ?<\/strong><\/p>\n\n\n\n<p>Nous ne faisons rien qui soit en infraction avec la loi. Notre comptabilit\u00e9 est irr\u00e9prochable. Nous avons deux comptables et un r\u00e9viseur que nous payons pour ses t\u00e2ches. Nous faisons les march\u00e9s publics et nous avons trois devis. Nous choisissons le moins cher, comme le pr\u00e9voit la loi. J\u2019ai la possibilit\u00e9 de voir les virements et chaque op\u00e9ration est document\u00e9e par une facture pour prouver les d\u00e9penses. Tout est d\u2019ailleurs fait par virements justifi\u00e9s, comme c\u2019est une r\u00e8gle g\u00e9n\u00e9rale en Belgique. Je ne vois pas dans ce cas-l\u00e0 comment peut-on accuser des gens sans savoir. Je ne signerai un virement que s\u2019il y a justificatif, lequel est d\u2019ailleurs imp\u00e9rativement cosign\u00e9. Que l\u2019on ne vienne donc pas nous dire, par la m\u00eame occasion, que nous gaspillons\u00a0l\u2019argent de l\u2019Etat. Cela est impossible, dans la configuration o\u00f9 nous respectons les lois en vigueur.<\/p>\n\n\n\n<p>Source : Bladi<\/p>\n","protected":false},"excerpt":{"rendered":"<p>Vice-pr\u00e9sident de l\u2019Ex\u00e9cutif des musulmans de Belgique (EMB) et pr\u00e9sident de cette instance en 2014, Noureddine Sma\u00efli s\u2019exprime, une semaine apr\u00e8s les pol\u00e9miques entre l\u2019institution et le minist\u00e8re de la&hellip; <\/p>\n","protected":false},"author":87,"featured_media":9923,"comment_status":"open","ping_status":"closed","sticky":false,"template":"","format":"standard","meta":{"_bbp_topic_count":0,"_bbp_reply_count":0,"_bbp_total_topic_count":0,"_bbp_total_reply_count":0,"_bbp_voice_count":0,"_bbp_anonymous_reply_count":0,"_bbp_topic_count_hidden":0,"_bbp_reply_count_hidden":0,"_bbp_forum_subforum_count":0,"ngg_post_thumbnail":0},"categories":[102,205,206],"tags":[],"_links":{"self":[{"href":"https:\/\/maghreb-observateur.com\/index.php?rest_route=\/wp\/v2\/posts\/11076"}],"collection":[{"href":"https:\/\/maghreb-observateur.com\/index.php?rest_route=\/wp\/v2\/posts"}],"about":[{"href":"https:\/\/maghreb-observateur.com\/index.php?rest_route=\/wp\/v2\/types\/post"}],"author":[{"embeddable":true,"href":"https:\/\/maghreb-observateur.com\/index.php?rest_route=\/wp\/v2\/users\/87"}],"replies":[{"embeddable":true,"href":"https:\/\/maghreb-observateur.com\/index.php?rest_route=%2Fwp%2Fv2%2Fcomments&post=11076"}],"version-history":[{"count":2,"href":"https:\/\/maghreb-observateur.com\/index.php?rest_route=\/wp\/v2\/posts\/11076\/revisions"}],"predecessor-version":[{"id":11078,"href":"https:\/\/maghreb-observateur.com\/index.php?rest_route=\/wp\/v2\/posts\/11076\/revisions\/11078"}],"wp:featuredmedia":[{"embeddable":true,"href":"https:\/\/maghreb-observateur.com\/index.php?rest_route=\/wp\/v2\/media\/9923"}],"wp:attachment":[{"href":"https:\/\/maghreb-observateur.com\/index.php?rest_route=%2Fwp%2Fv2%2Fmedia&parent=11076"}],"wp:term":[{"taxonomy":"category","embeddable":true,"href":"https:\/\/maghreb-observateur.com\/index.php?rest_route=%2Fwp%2Fv2%2Fcategories&post=11076"},{"taxonomy":"post_tag","embeddable":true,"href":"https:\/\/maghreb-observateur.com\/index.php?rest_route=%2Fwp%2Fv2%2Ftags&post=11076"}],"curies":[{"name":"wp","href":"https:\/\/api.w.org\/{rel}","templated":true}]}}