{"id":11052,"date":"2021-10-12T13:47:58","date_gmt":"2021-10-12T18:47:58","guid":{"rendered":"https:\/\/maghreb-observateur.com\/?p=11052"},"modified":"2021-10-12T13:47:58","modified_gmt":"2021-10-12T18:47:58","slug":"immersion-dans-le-calvaire-des-voyageurs-bloques-dans-le-royaume","status":"publish","type":"post","link":"https:\/\/maghreb-observateur.com\/?p=11052","title":{"rendered":"Immersion dans le calvaire des voyageurs bloqu\u00e9s dans le Royaume"},"content":{"rendered":"\n<h2 class=\"wp-block-heading\">Suspension des vols directs entre le Canada et le Maroc<\/h2>\n\n\n\n<h2 class=\"wp-block-heading\">par\u00a0Elimane SEMBENE<\/h2>\n\n\n\n<h2 class=\"wp-block-heading\"><a href=\"https:\/\/www.maroc-hebdo.press.ma\/calvaire-voyageurs-bloques-royaume#comment\"><\/a><\/h2>\n\n\n\n<figure class=\"wp-block-image\"><img decoding=\"async\" src=\"https:\/\/www.maroc-hebdo.press.ma\/files\/2021\/10\/voyage-aeroport-visa-pass.jpg\" alt=\"\"\/><\/figure>\n\n\n\n<p><em><strong>Plus de 11.000 ressortissants marocains et canadiens se sont retrouv\u00e9s bloqu\u00e9s au Maroc apr\u00e8s la d\u00e9cision du Canada de suspendre les vols directs en provenance du Royaume. Une situation dramatique pour ces expatri\u00e9s.<\/strong><\/em><\/p>\n\n\n\n<p>Selma Regragui n\u2019en revient toujours pas. Venue au Maroc le 1er ao\u00fbt 2021 pour y passer un mois entre vill\u00e9giature et signatures de contrats et collaborations, cette entrepreneure et journaliste ind\u00e9pendante bas\u00e9e au Canada depuis 2010 a d\u00fb revoir son planning. La d\u00e9cision du Canada de fermer ses fronti\u00e8res aux vols directs en provenance du Maroc officialis\u00e9e le 28 ao\u00fbt l\u2019a profond\u00e9ment choqu\u00e9e. \u00abCette d\u00e9cision nous a surpris. On ne s\u2019y attendait pas\u00bb, nous d\u00e9clare-t-elle. Cette fermeture, qui \u00e9tait en vigueur jusqu\u2019au 30 septembre a \u00e9t\u00e9 prolong\u00e9 jusqu\u2019\u00e0 fin octobre.<\/p>\n\n\n\n<p>Une suspension qui serait motiv\u00e9e par la d\u00e9couverte, par les autorit\u00e9s canadiennes, de 100 faux tests PCR de voyageurs en provenance du Maroc et la hausse des cas de contaminations durant le mois d\u2019ao\u00fbt. Un argument qui ne tient pas la route, selon notre interlocutrice. Selon elle, \u00abc\u2019est plus une d\u00e9cision politique prise \u00e0 la veille des \u00e9lections du nouveau gouvernement canadien, qui se sont d\u00e9roul\u00e9es le 20 septembre, pour essayer de rassurer les Canadiens en usant de l\u2019argument des faux tests PCR\u00bb. Comme preuve, elle cite l\u2019autorisation des vols \u00e0 destination de l\u2019Inde par le Canada depuis le 27 septembre, pays consid\u00e9r\u00e9 actuellement comme l\u2019\u00e9picentre du Covid-19.<\/p>\n\n\n\n<p><strong>Absence de r\u00e9action<\/strong><br>Mohamed Lotfi, \u00e9crivain-journaliste et r\u00e9alisateur marocain qui vit au Canada depuis presque 40 ans, ne cache pas non plus sa col\u00e8re. \u00abLe Canada a d\u00e9cid\u00e9 cette suspension sans pr\u00e9avis et sans justification raisonnable. Avec le prolongement de la suspension des vols, nous avons l\u2019impression d\u2019\u00eatre trait\u00e9s comme des Canadiens de seconde zone\u00bb, d\u00e9plore-t-il. D\u2019apr\u00e8s lui, plus de 11.000 ressortissants canadiens, la plupart d\u2019origine marocaine, sont actuellement bloqu\u00e9s au Maroc, dont la plupart viennent du Qu\u00e9bec.<\/p>\n\n\n\n<p>\u00abIl y a beaucoup d\u2019enfants, des femmes malades et des femmes enceintes. Certains ont perdu leurs emplois, notamment les travailleurs autonomes. En prenant cette d\u00e9cision, le gouvernement canadien n\u2019a pas pris en compte tous ces facteurs\u00bb. Selma abonde dans le m\u00eame sens. \u00abJe suis entrepreneur et je perds \u00e9norm\u00e9ment d\u2019argent \u00e0 cause de cette suspension des vols. Des personnes qui ont des maladies cardiovasculaires, le diab\u00e8te et des gens venus pour obtenir une aide psychologique ont vu leur cas empirer. Il y a des femmes qui sont coinc\u00e9es avec leurs enfants. Elles ont perdu leurs emplois et leurs enfants deux \u00e0 trois mois d\u2019\u00e9tudes\u00bb, d\u00e9plore-t-elle.<\/p>\n\n\n\n<p>D\u00e9pass\u00e9s par les \u00e9v\u00e8nements, certains jeunes ont d\u00e9cid\u00e9 de tourner le dos \u00e0 leur pays adoptif. \u00abCes jeunes sont tr\u00e8s frustr\u00e9s, ne se consid\u00e8rent m\u00eame plus comme des Canadiens et ne veulent plus rentrer\u00bb. Ne pouvant plus attendre, de nombreux voyageurs ont pr\u00e9f\u00e9r\u00e9 d\u00e9bourser entre 600 et 3.000 dollars pour prendre des vols indirects en passant par Istanbul, New York ou Francfort. Outre les immigr\u00e9s marocains, des Canadiens de souche font \u00e9galement partie de ce lot.<\/p>\n\n\n\n<p>Loin de leur pays et de leurs familles, ils essaient de joindre les deux bouts devant cette d\u00e9sagr\u00e9able surprise. \u00abIl y a des Canadiens de souche parmi les personnes bloqu\u00e9es. R\u00e9servations termin\u00e9es dans leurs h\u00f4tels, manque d\u2019argent. On s\u2019est d\u00e9brouill\u00e9 pour leur trouver des logements avec l\u2019aide de quelques amis et membres de ma famille qui les ont accueillis dans leur r\u00e9sidence secondaire\u00bb, confie Selma.<\/p>\n\n\n\n<p>Nos deux interlocuteurs d\u00e9noncent le silence de la diplomatie marocaine sur cette question, alors qu\u2019elle \u00abavait pourtant aussit\u00f4t r\u00e9agi apr\u00e8s la restriction des visas pour les Marocains d\u00e9cid\u00e9e par la France\u00bb. Ils peuvent tout de m\u00eame compter sur le soutien de leurs concitoyens, qui ont organis\u00e9 des sit-in \u00e0 Ottawa et \u00e0 Montr\u00e9al devant le bureau du Premier ministre Justin Trudeau pour plaider leur cause. L\u2019avocate marocaine Nawal Benrouayene, bas\u00e9e \u00e0 Montr\u00e9al, pr\u00e9voit aussi de d\u00e9poser un recours collectif contre le gouvernement canadien.<\/p>\n\n\n\n<p>Source : Maroc Hebdo<\/p>\n","protected":false},"excerpt":{"rendered":"<p>Suspension des vols directs entre le Canada et le Maroc par\u00a0Elimane SEMBENE Plus de 11.000 ressortissants marocains et canadiens se sont retrouv\u00e9s bloqu\u00e9s au Maroc apr\u00e8s la d\u00e9cision du Canada&hellip; <\/p>\n","protected":false},"author":87,"featured_media":10395,"comment_status":"open","ping_status":"closed","sticky":false,"template":"","format":"standard","meta":{"_bbp_topic_count":0,"_bbp_reply_count":0,"_bbp_total_topic_count":0,"_bbp_total_reply_count":0,"_bbp_voice_count":0,"_bbp_anonymous_reply_count":0,"_bbp_topic_count_hidden":0,"_bbp_reply_count_hidden":0,"_bbp_forum_subforum_count":0,"ngg_post_thumbnail":0},"categories":[108,113,103],"tags":[],"_links":{"self":[{"href":"https:\/\/maghreb-observateur.com\/index.php?rest_route=\/wp\/v2\/posts\/11052"}],"collection":[{"href":"https:\/\/maghreb-observateur.com\/index.php?rest_route=\/wp\/v2\/posts"}],"about":[{"href":"https:\/\/maghreb-observateur.com\/index.php?rest_route=\/wp\/v2\/types\/post"}],"author":[{"embeddable":true,"href":"https:\/\/maghreb-observateur.com\/index.php?rest_route=\/wp\/v2\/users\/87"}],"replies":[{"embeddable":true,"href":"https:\/\/maghreb-observateur.com\/index.php?rest_route=%2Fwp%2Fv2%2Fcomments&post=11052"}],"version-history":[{"count":1,"href":"https:\/\/maghreb-observateur.com\/index.php?rest_route=\/wp\/v2\/posts\/11052\/revisions"}],"predecessor-version":[{"id":11053,"href":"https:\/\/maghreb-observateur.com\/index.php?rest_route=\/wp\/v2\/posts\/11052\/revisions\/11053"}],"wp:featuredmedia":[{"embeddable":true,"href":"https:\/\/maghreb-observateur.com\/index.php?rest_route=\/wp\/v2\/media\/10395"}],"wp:attachment":[{"href":"https:\/\/maghreb-observateur.com\/index.php?rest_route=%2Fwp%2Fv2%2Fmedia&parent=11052"}],"wp:term":[{"taxonomy":"category","embeddable":true,"href":"https:\/\/maghreb-observateur.com\/index.php?rest_route=%2Fwp%2Fv2%2Fcategories&post=11052"},{"taxonomy":"post_tag","embeddable":true,"href":"https:\/\/maghreb-observateur.com\/index.php?rest_route=%2Fwp%2Fv2%2Ftags&post=11052"}],"curies":[{"name":"wp","href":"https:\/\/api.w.org\/{rel}","templated":true}]}}