{"id":10807,"date":"2021-09-30T10:16:39","date_gmt":"2021-09-30T15:16:39","guid":{"rendered":"https:\/\/maghreb-observateur.com\/?p=10807"},"modified":"2021-09-30T10:16:40","modified_gmt":"2021-09-30T15:16:40","slug":"batteries-2021-rachid-yazami-met-en-exergue-la-charge-ultra-rapide-a-lyon","status":"publish","type":"post","link":"https:\/\/maghreb-observateur.com\/?p=10807","title":{"rendered":"Batteries 2021 : Rachid Yazami met en exergue la charge ultra-rapide \u00e0 Lyon"},"content":{"rendered":"\n<figure class=\"wp-block-image\"><img decoding=\"async\" src=\"https:\/\/industries.ma\/wp-content\/uploads\/2021\/09\/BATTERIES-2021-696x928.jpg\" alt=\"\"\/><\/figure>\n\n\n\n<p><strong>La 23<sup>\u00e8me<\/sup>&nbsp;\u00e9dition de \u00ab&nbsp;<em>Batteries&nbsp;\u00bb<\/em>, le congr\u00e8s international sur de l\u2019alimentation \u00e9lectrique, a d\u00e9but\u00e9 ce matin \u00e0 Lyon et le scientifique et inventeur marocain Rachid Yazami y tient une conf\u00e9rence.<\/strong><\/p>\n\n\n\n<p>C\u2019est sur son compte Facebook que Rachid Yazami, le scientifique et inventeur marocain a annonc\u00e9 sa conf\u00e9rence sur la charge ultra-rapide (moins de 10 min) des batteries lithium-ion pour v\u00e9hicules \u00e9lectriques, outils\/ appareils sans fil et \u00e9lectronique mobile.<\/p>\n\n\n\n<p>\u00ab&nbsp;<em>Pr\u00e9sentation aujourd\u2019hui (29\/09) de ma conf\u00e9rence pl\u00e9ni\u00e8re au congr\u00e8s \u00ab&nbsp;Batteries 2021&nbsp;\u00bb sur la charge ultra-rapide (moins de 10 min) des batteries lithium-ion pour v\u00e9hicules \u00e9lectriques, outils\/ appareils sans fil et \u00e9lectronique mobile. Pour la premi\u00e8re fois depuis 2019, la conf\u00e9rence s\u2019est pass\u00e9e en pr\u00e9sentiel avec pr\u00e8s de 450 participants<\/em>&nbsp;\u00bb a d\u00e9clar\u00e9 Rachid Yazami qui pr\u00e9sentera sa nouvelle technologie, estim\u00e9 \u00e0 un milliard de dollars, ainsi que les perspectives de celle-ci pour la soci\u00e9t\u00e9.<\/p>\n\n\n\n<p>Rachid Yazami est un scientifique marocain de renomm\u00e9e internationale. Il est l\u2019inventeur de l\u2019anode en graphite et r\u00e9side en ce moment \u00e0 Singapour o\u00f9 il poursuit ses travaux de recherche \u00e0 KVI Holding dont il est le fondateur. Il reste cependant engag\u00e9 et tr\u00e8s actif pour le rayonnement scientifique du Royaume. R\u00e9cemment le scientifique a soulign\u00e9 sa d\u00e9termination de d\u00e9velopper des projets sur les Batteries au Lithium au Maroc, pr\u00e9cis\u00e9ment \u00ab&nbsp;<em>une gigafactory pour la production des batteries et celle des syst\u00e8mes de charge ultra rapide<\/em>&nbsp;\u00bb.<\/p>\n\n\n\n<p>Pour la premi\u00e8re fois depuis 2019, la conf\u00e9rence s\u2019est pass\u00e9e en pr\u00e9sentiel avec pr\u00e8s de 450 participants. Batteries 2021 est probablement l\u2019une des seules opportunit\u00e9s de rencontrer tous les acteurs de l\u2019industrie de la batterie (fournisseurs de mati\u00e8res premi\u00e8res, constructeurs automobiles et fabricants de cellules\u00a0: CATL, ACC, Verkor, Envision, Farasis, S-Volt, Freyr, ainsi que les acteurs historiques), tous r\u00e9unis \u00e0 Lyon pour expliquer leur strat\u00e9gie et d\u00e9tailler leur \u00ab\u00a0<em>Roadmap\u00a0<\/em>\u00bb.<\/p>\n\n\n\n<p>Source : Industries.ma<\/p>\n","protected":false},"excerpt":{"rendered":"<p>La 23\u00e8me&nbsp;\u00e9dition de \u00ab&nbsp;Batteries&nbsp;\u00bb, le congr\u00e8s international sur de l\u2019alimentation \u00e9lectrique, a d\u00e9but\u00e9 ce matin \u00e0 Lyon et le scientifique et inventeur marocain Rachid Yazami y tient une conf\u00e9rence. C\u2019est&hellip; <\/p>\n","protected":false},"author":87,"featured_media":10376,"comment_status":"open","ping_status":"closed","sticky":false,"template":"","format":"standard","meta":{"_bbp_topic_count":0,"_bbp_reply_count":0,"_bbp_total_topic_count":0,"_bbp_total_reply_count":0,"_bbp_voice_count":0,"_bbp_anonymous_reply_count":0,"_bbp_topic_count_hidden":0,"_bbp_reply_count_hidden":0,"_bbp_forum_subforum_count":0,"ngg_post_thumbnail":0},"categories":[108,112],"tags":[],"_links":{"self":[{"href":"https:\/\/maghreb-observateur.com\/index.php?rest_route=\/wp\/v2\/posts\/10807"}],"collection":[{"href":"https:\/\/maghreb-observateur.com\/index.php?rest_route=\/wp\/v2\/posts"}],"about":[{"href":"https:\/\/maghreb-observateur.com\/index.php?rest_route=\/wp\/v2\/types\/post"}],"author":[{"embeddable":true,"href":"https:\/\/maghreb-observateur.com\/index.php?rest_route=\/wp\/v2\/users\/87"}],"replies":[{"embeddable":true,"href":"https:\/\/maghreb-observateur.com\/index.php?rest_route=%2Fwp%2Fv2%2Fcomments&post=10807"}],"version-history":[{"count":1,"href":"https:\/\/maghreb-observateur.com\/index.php?rest_route=\/wp\/v2\/posts\/10807\/revisions"}],"predecessor-version":[{"id":10808,"href":"https:\/\/maghreb-observateur.com\/index.php?rest_route=\/wp\/v2\/posts\/10807\/revisions\/10808"}],"wp:featuredmedia":[{"embeddable":true,"href":"https:\/\/maghreb-observateur.com\/index.php?rest_route=\/wp\/v2\/media\/10376"}],"wp:attachment":[{"href":"https:\/\/maghreb-observateur.com\/index.php?rest_route=%2Fwp%2Fv2%2Fmedia&parent=10807"}],"wp:term":[{"taxonomy":"category","embeddable":true,"href":"https:\/\/maghreb-observateur.com\/index.php?rest_route=%2Fwp%2Fv2%2Fcategories&post=10807"},{"taxonomy":"post_tag","embeddable":true,"href":"https:\/\/maghreb-observateur.com\/index.php?rest_route=%2Fwp%2Fv2%2Ftags&post=10807"}],"curies":[{"name":"wp","href":"https:\/\/api.w.org\/{rel}","templated":true}]}}