{"id":10797,"date":"2021-09-30T09:12:07","date_gmt":"2021-09-30T14:12:07","guid":{"rendered":"https:\/\/maghreb-observateur.com\/?p=10797"},"modified":"2021-09-30T09:33:31","modified_gmt":"2021-09-30T14:33:31","slug":"accords-maroc-ue-la-decision-du-tribunal-est-infondee-selon-une-experte","status":"publish","type":"post","link":"https:\/\/maghreb-observateur.com\/?p=10797","title":{"rendered":"Accords Maroc-UE: la d\u00e9cision du Tribunal est \u00ab infond\u00e9e \u00bb, selon une experte"},"content":{"rendered":"\n<figure class=\"wp-block-image\"><img decoding=\"async\" src=\"https:\/\/i1.wp.com\/www.lesiteinfo.com\/wp-content\/uploads\/2021\/09\/ue.jpg?fit=1200%2C600&amp;ssl=1\" alt=\"\"\/><\/figure>\n\n\n\n<p>La d\u00e9cision de 1\u00e8re instance du Tribunal de l\u2019Union Europ\u00e9enne (UE) concernant les accords agricole et de p\u00eache avec le Maroc est \u00ab&nbsp;infond\u00e9e&nbsp;\u00bb \u00e0 tous \u00e9gards, a affirm\u00e9, jeudi, Dr. Yasmine Hasnaoui, Consultante sp\u00e9cialiste, experte en relations internationales.<\/p>\n\n\n\n<p>\u00ab&nbsp;Cette d\u00e9cision est consid\u00e9r\u00e9e sans aucun fondement&nbsp;\u00bb, a pr\u00e9cis\u00e9 Hasnaoui, \u00e9galement professeure des sciences humaines \u00e0 l\u2019Universit\u00e9 Am\u00e9ricaine au Kowe\u00eft et sp\u00e9cialiste des Affaires Maghr\u00e9bines, dans une d\u00e9claration \u00e0 la MAP, relevant que l\u2019arr\u00eat de cette juridiction europ\u00e9enne ne changera rien \u00e0 la r\u00e9alit\u00e9.<\/p>\n\n\n\n<p>Selon l\u2019experte marocaine, \u00ab&nbsp;le risque pour le Tribunal de l\u2019UE de s\u2019ing\u00e9rer dans un diff\u00e9rend r\u00e9gional relevant uniquement de la comp\u00e9tence du conseil de s\u00e9curit\u00e9 des Nations Unies, n\u2019encourage certainement pas \u00e0 trouver une solution politique&nbsp;\u00bb.<\/p>\n\n\n\n<p>Et de soutenir que le \u00ab&nbsp;polisario&nbsp;\u00bb, qui ne jouit d\u2019aucune assise juridique que ce soit aux Nations Unies ou \u00e0 l\u2019UE, ne dispose aussi d\u2019aucune l\u00e9gitimit\u00e9 d\u00e9mocratique pour parler au nom de la population sahraouie.<\/p>\n\n\n\n<p>L\u2019arr\u00eat du Tribunal est tout d\u2019abord \u00ab&nbsp;une affaire europ\u00e9enne&nbsp;\u00bb, a-t-elle poursuivi, estimant que l\u2019UE, en tant que partenaire solide du Royaume, fera de son mieux pour d\u00e9fendre ses int\u00e9r\u00eats \u00e9conomiques et commerciaux avec le Maroc qui datent depuis de longues ann\u00e9es.<\/p>\n\n\n\n<p>\u00c9voquant l\u2019importance de ces accords entre le Maroc et l\u2019UE, Hasnaoui a fait savoir que tous les accords agricole et de p\u00eache avec le Royaume \u00e9taient \u00ab&nbsp;toujours justes et \u00e9quitables&nbsp;\u00bb et ont r\u00e9pondu \u00e0 toutes les pr\u00e9occupations des eurod\u00e9put\u00e9s ainsi qu\u2019aux exigences formul\u00e9es par le parlement europ\u00e9en.<\/p>\n\n\n\n<p>S\u2019agissant de la d\u00e9claration conjointe du Haut repr\u00e9sentant de l\u2019UE pour les Affaires \u00e9trang\u00e8res et la s\u00e9curit\u00e9, Vice-pr\u00e9sident de la Commission europ\u00e9enne Josep Borrell, et du ministre des Affaires \u00e9trang\u00e8res, de la Coop\u00e9ration africaine et des Marocains r\u00e9sidant \u00e0 l\u2019\u00e9tranger, Nasser Bourita, rendue publique mercredi \u00e0 la suite de la d\u00e9cision du Tribunal europ\u00e9en, elle a indiqu\u00e9 qu\u2019elle montre que les relations \u00e9conomiques entre le Maroc et l\u2019UE dans les secteurs de l\u2019agriculture et la p\u00eache constituent \u00ab&nbsp;un axe majeur du partenariat global unissant les deux parties&nbsp;\u00bb.<\/p>\n\n\n\n<p>Et de conclure que plusieurs pays europ\u00e9ens, qui sont tr\u00e8s actifs et b\u00e9n\u00e9ficient de ces accords, vont certainement introduire un recours contre cet arr\u00eat \u00ab&nbsp;sans fondement&nbsp;\u00bb.<\/p>\n\n\n\n<p>Source : S.L. (avec MAP)<\/p>\n","protected":false},"excerpt":{"rendered":"<p>La d\u00e9cision de 1\u00e8re instance du Tribunal de l\u2019Union Europ\u00e9enne (UE) concernant les accords agricole et de p\u00eache avec le Maroc est \u00ab&nbsp;infond\u00e9e&nbsp;\u00bb \u00e0 tous \u00e9gards, a affirm\u00e9, jeudi, Dr.&hellip; <\/p>\n","protected":false},"author":87,"featured_media":9831,"comment_status":"open","ping_status":"closed","sticky":false,"template":"","format":"standard","meta":{"_bbp_topic_count":0,"_bbp_reply_count":0,"_bbp_total_topic_count":0,"_bbp_total_reply_count":0,"_bbp_voice_count":0,"_bbp_anonymous_reply_count":0,"_bbp_topic_count_hidden":0,"_bbp_reply_count_hidden":0,"_bbp_forum_subforum_count":0,"ngg_post_thumbnail":0},"categories":[99,108,103,204],"tags":[],"_links":{"self":[{"href":"https:\/\/maghreb-observateur.com\/index.php?rest_route=\/wp\/v2\/posts\/10797"}],"collection":[{"href":"https:\/\/maghreb-observateur.com\/index.php?rest_route=\/wp\/v2\/posts"}],"about":[{"href":"https:\/\/maghreb-observateur.com\/index.php?rest_route=\/wp\/v2\/types\/post"}],"author":[{"embeddable":true,"href":"https:\/\/maghreb-observateur.com\/index.php?rest_route=\/wp\/v2\/users\/87"}],"replies":[{"embeddable":true,"href":"https:\/\/maghreb-observateur.com\/index.php?rest_route=%2Fwp%2Fv2%2Fcomments&post=10797"}],"version-history":[{"count":2,"href":"https:\/\/maghreb-observateur.com\/index.php?rest_route=\/wp\/v2\/posts\/10797\/revisions"}],"predecessor-version":[{"id":10801,"href":"https:\/\/maghreb-observateur.com\/index.php?rest_route=\/wp\/v2\/posts\/10797\/revisions\/10801"}],"wp:featuredmedia":[{"embeddable":true,"href":"https:\/\/maghreb-observateur.com\/index.php?rest_route=\/wp\/v2\/media\/9831"}],"wp:attachment":[{"href":"https:\/\/maghreb-observateur.com\/index.php?rest_route=%2Fwp%2Fv2%2Fmedia&parent=10797"}],"wp:term":[{"taxonomy":"category","embeddable":true,"href":"https:\/\/maghreb-observateur.com\/index.php?rest_route=%2Fwp%2Fv2%2Fcategories&post=10797"},{"taxonomy":"post_tag","embeddable":true,"href":"https:\/\/maghreb-observateur.com\/index.php?rest_route=%2Fwp%2Fv2%2Ftags&post=10797"}],"curies":[{"name":"wp","href":"https:\/\/api.w.org\/{rel}","templated":true}]}}