{"id":10641,"date":"2021-09-20T16:27:01","date_gmt":"2021-09-20T21:27:01","guid":{"rendered":"https:\/\/maghreb-observateur.com\/?p=10641"},"modified":"2021-09-20T16:27:03","modified_gmt":"2021-09-20T21:27:03","slug":"la-normalisation-des-relations-entre-le-maroc-et-israel-se-concretise-au-fil-des-mois-plus-de-40-des-marocains-soutiennent-laccord","status":"publish","type":"post","link":"https:\/\/maghreb-observateur.com\/?p=10641","title":{"rendered":"La normalisation des relations entre le Maroc et Isra\u00ebl se concr\u00e9tise au fil des mois. Plus de 40% des Marocains soutiennent l\u2019accord."},"content":{"rendered":"\n<figure class=\"wp-block-image size-large\"><a href=\"https:\/\/maghreb-observateur.com\/wp-content\/uploads\/2021\/04\/26479532-deux-papillons-avec-des-drapeaux-sur-les-ailes-comme-symbole-des-relations-maroc-et-israel.jpg\" rel=\"shadowbox[sbpost-10641];player=img;\"><img decoding=\"async\" loading=\"lazy\" width=\"1024\" height=\"692\" src=\"https:\/\/maghreb-observateur.com\/wp-content\/uploads\/2021\/04\/26479532-deux-papillons-avec-des-drapeaux-sur-les-ailes-comme-symbole-des-relations-maroc-et-israel-1024x692.jpg\" alt=\"\" class=\"wp-image-7933\" srcset=\"https:\/\/maghreb-observateur.com\/wp-content\/uploads\/2021\/04\/26479532-deux-papillons-avec-des-drapeaux-sur-les-ailes-comme-symbole-des-relations-maroc-et-israel-1024x692.jpg 1024w, https:\/\/maghreb-observateur.com\/wp-content\/uploads\/2021\/04\/26479532-deux-papillons-avec-des-drapeaux-sur-les-ailes-comme-symbole-des-relations-maroc-et-israel-300x203.jpg 300w, https:\/\/maghreb-observateur.com\/wp-content\/uploads\/2021\/04\/26479532-deux-papillons-avec-des-drapeaux-sur-les-ailes-comme-symbole-des-relations-maroc-et-israel-768x519.jpg 768w, https:\/\/maghreb-observateur.com\/wp-content\/uploads\/2021\/04\/26479532-deux-papillons-avec-des-drapeaux-sur-les-ailes-comme-symbole-des-relations-maroc-et-israel.jpg 1300w\" sizes=\"(max-width: 1024px) 100vw, 1024px\" \/><\/a><\/figure>\n\n\n\n<p><strong>A. Coop\u00e9ration politique, aviation, culture, sport \u2026 Plusieurs accords ont \u00e9t\u00e9 sign\u00e9s lors de la premi\u00e8re visite officielle au Maroc du ministre isra\u00e9lien des affaires \u00e9trang\u00e8res, Ya\u00efr Lapid qui a salu\u00e9 \u00ab&nbsp;la restauration de la paix et l\u2019amiti\u00e9&nbsp;\u00bb.<\/strong><\/p>\n\n\n\n<p><strong>B. L\u2019une des premi\u00e8res concr\u00e9tisations est sans doute le lancement des lignes a\u00e9riennes commerciales directes entre les deux pays. Avant la pand\u00e9mie, des dizaines de milliers d\u2019Isra\u00e9liens, pour la plupart d\u2019origine marocaine, visitaient chaque ann\u00e9e le royaume, mais devaient transiter par d\u2019autres pays.<\/strong><\/p>\n\n\n\n<p><strong>C. Le Maroc et Isra\u00ebl avaient par ailleurs sign\u00e9 en juillet dernier \u00e0 Rabat un accord de coop\u00e9ration en mati\u00e8re de cyberd\u00e9fense, portant sur \u00ab&nbsp;<em>la coop\u00e9ration op\u00e9rationnelle, la recherche, le d\u00e9veloppement et le partage d\u2019informations<\/em>\u00ab&nbsp;, comme l\u2019avait indiqu\u00e9 la direction nationale isra\u00e9lienne de la cybers\u00e9curit\u00e9.<\/strong><\/p>\n\n\n\n<p><strong>R\u00e9cemment, le royaume a \u00e9t\u00e9 accus\u00e9 d\u2019avoir eu recours au\u00a0logiciel d\u2019espionnage Pegasus, con\u00e7u par la soci\u00e9t\u00e9 isra\u00e9lienne NSO. Rabat a cat\u00e9goriquement d\u00e9menti\u00a0<em>\u00ab\u00a0ces all\u00e9gations mensong\u00e8res et infond\u00e9es\u00a0\u00bb<\/em>\u00a0et enclench\u00e9 des proc\u00e9dures judi<\/strong>ciaires.<\/p>\n\n\n\n<p><strong>LE PLUS. Que sait-on sur la normalisation entre les deux pays et que change-t-elle vraiment ?<\/strong><\/p>\n\n\n\n<h2 class=\"wp-block-heading\">Normalisation contre Sahara occidental.<\/h2>\n\n\n\n<p><strong>La question de la normalisation des relations entre Rabat et Tel Aviv a \u00e9t\u00e9 relanc\u00e9e en f\u00e9vrier 2020 \u00e0 l\u2019occasion d\u2019une visite officielle au Maroc de l\u2019ancien chef de la diplomatie am\u00e9ricaine Mike Pompeo. Le Maroc s\u2019\u00e9tait montr\u00e9 pr\u00eat \u00e0 faire un geste en contrepartie d\u2019un soutien am\u00e9ricain \u00e0 la question du\u00a0Sahara occidental, une ancienne colonie espagnole revendiqu\u00e9e \u00e0 la fois par les Marocains et\u00a0les ind\u00e9pendantistes\u00a0du Polisario soutenus par l\u2019Alg\u00e9rie.<\/strong><\/p>\n\n\n\n<p><strong>En d\u00e9cembre, Washington reconna\u00eet officiellement et pour la premi\u00e8re fois de son histoire, la pleine souverainet\u00e9 du Maroc sur le territoire disput\u00e9 du Sahara occidental.\u00a0Le Maroc s\u2019engage\u00a0sur la voie de la normalisation.<\/strong><\/p>\n\n\n\n<h2 class=\"wp-block-heading\">Nouveau pays arabe sur la liste.<\/h2>\n\n\n\n<p><strong>Le Maroc est le quatri\u00e8me pays arabe apr\u00e8s\u00a0les \u00c9mirats arabes unis, Bahre\u00efn et le Soudan, \u00e0 avoir normalis\u00e9 ses relations avec Isra\u00ebl en 2020 sous l\u2019impulsion des \u00c9tats-Unis. Avant eux, il y a eu l\u2019\u00c9gypte en 1979, puis la Jordanie en 1994 dans le cadre d\u2019accords de paix.<\/strong><\/p>\n\n\n\n<p><strong>Ce n\u2019est pas la premi\u00e8re fois que le Maroc se rapproche d\u2019Isra\u00ebl. Les deux pays ont entretenu des relations officielles de 1993 \u00e0 2000. Il n\u2019y avait pas d\u2019ambassades, mais des \u00ab\u00a0bureaux de liaison\u00a0\u00bb qui ont ferm\u00e9 suite \u00e0 la seconde intifada (soul\u00e8vement) des Palestiniens. Ces derniers voient d\u2019un mauvais \u0153il le rapprochement avec Isra\u00ebl et le qualifie de \u00ab\u00a0trahison\u00a0\u00bb. Au Maroc, une partie de la population reste oppos\u00e9e \u00e0 toute normalisation avec l\u2019Etat h\u00e9breu. Selon\u00a0un sondage r\u00e9cent, plus de 40% des Marocains soutiennent l\u2019accord.<\/strong><\/p>\n\n\n\n<h2 class=\"wp-block-heading\">Une importante communaut\u00e9 juive<\/h2>\n\n\n\n<p><strong>La communaut\u00e9 juive du Maroc, pr\u00e9sente depuis l\u2019Antiquit\u00e9, est la plus importante d\u2019Afrique du Nord avec pr\u00e8s de 3&nbsp;000 personnes. Un nombre qui semble d\u00e9risoire en 2021 quand on sait que le royaume compte plus de 30 millions d\u2019habitants. Pourtant dans les ann\u00e9es 1940, ils \u00e9taient pr\u00e8s de 250&nbsp;000, soit 10% de la population.<\/strong><\/p>\n\n\n\n<p><strong>Mais beaucoup sont partis apr\u00e8s la fondation d\u2019Isra\u00ebl, en 1948. Aujourd\u2019hui, plus de 700&nbsp;000 Isra\u00e9liens sont d\u2019ascendance marocaine et ont souvent gard\u00e9 des liens forts avec leur pays d\u2019origine.<\/strong><\/p>\n\n\n\n<p><strong>Avant m\u00eame de normaliser ses relations diplomatiques avec Isra\u00ebl, le Maroc a lanc\u00e9 une r\u00e9forme scolaire qui int\u00e8gre l\u2019enseignement de l\u2019histoire et de\u00a0la culture de la communaut\u00e9 juive. Une premi\u00e8re dans le monde arabe.<\/strong><\/p>\n\n\n\n<p>Source : France infos<\/p>\n","protected":false},"excerpt":{"rendered":"<p>A. Coop\u00e9ration politique, aviation, culture, sport \u2026 Plusieurs accords ont \u00e9t\u00e9 sign\u00e9s lors de la premi\u00e8re visite officielle au Maroc du ministre isra\u00e9lien des affaires \u00e9trang\u00e8res, Ya\u00efr Lapid qui a&hellip; <\/p>\n","protected":false},"author":87,"featured_media":7933,"comment_status":"open","ping_status":"closed","sticky":false,"template":"","format":"standard","meta":{"_bbp_topic_count":0,"_bbp_reply_count":0,"_bbp_total_topic_count":0,"_bbp_total_reply_count":0,"_bbp_voice_count":0,"_bbp_anonymous_reply_count":0,"_bbp_topic_count_hidden":0,"_bbp_reply_count_hidden":0,"_bbp_forum_subforum_count":0,"ngg_post_thumbnail":0},"categories":[108,204],"tags":[],"_links":{"self":[{"href":"https:\/\/maghreb-observateur.com\/index.php?rest_route=\/wp\/v2\/posts\/10641"}],"collection":[{"href":"https:\/\/maghreb-observateur.com\/index.php?rest_route=\/wp\/v2\/posts"}],"about":[{"href":"https:\/\/maghreb-observateur.com\/index.php?rest_route=\/wp\/v2\/types\/post"}],"author":[{"embeddable":true,"href":"https:\/\/maghreb-observateur.com\/index.php?rest_route=\/wp\/v2\/users\/87"}],"replies":[{"embeddable":true,"href":"https:\/\/maghreb-observateur.com\/index.php?rest_route=%2Fwp%2Fv2%2Fcomments&post=10641"}],"version-history":[{"count":1,"href":"https:\/\/maghreb-observateur.com\/index.php?rest_route=\/wp\/v2\/posts\/10641\/revisions"}],"predecessor-version":[{"id":10642,"href":"https:\/\/maghreb-observateur.com\/index.php?rest_route=\/wp\/v2\/posts\/10641\/revisions\/10642"}],"wp:featuredmedia":[{"embeddable":true,"href":"https:\/\/maghreb-observateur.com\/index.php?rest_route=\/wp\/v2\/media\/7933"}],"wp:attachment":[{"href":"https:\/\/maghreb-observateur.com\/index.php?rest_route=%2Fwp%2Fv2%2Fmedia&parent=10641"}],"wp:term":[{"taxonomy":"category","embeddable":true,"href":"https:\/\/maghreb-observateur.com\/index.php?rest_route=%2Fwp%2Fv2%2Fcategories&post=10641"},{"taxonomy":"post_tag","embeddable":true,"href":"https:\/\/maghreb-observateur.com\/index.php?rest_route=%2Fwp%2Fv2%2Ftags&post=10641"}],"curies":[{"name":"wp","href":"https:\/\/api.w.org\/{rel}","templated":true}]}}