{"id":10431,"date":"2021-08-24T14:39:36","date_gmt":"2021-08-24T19:39:36","guid":{"rendered":"https:\/\/maghreb-observateur.com\/?p=10431"},"modified":"2021-08-24T14:39:45","modified_gmt":"2021-08-24T19:39:45","slug":"afghanistan-une-ligne-rouge-fondamentale-sera-le-traitement-des-femmes-et-des-filles-par-les-talibans-michelle-bachelet","status":"publish","type":"post","link":"https:\/\/maghreb-observateur.com\/?p=10431","title":{"rendered":"Afghanistan : \u00ab une ligne rouge fondamentale sera le traitement des femmes et des filles par les Talibans \u00bb &#8211; Michelle Bachelet"},"content":{"rendered":"\n<figure class=\"wp-block-image\"><img decoding=\"async\" src=\"https:\/\/global.unitednations.entermediadb.net\/assets\/mediadb\/services\/module\/asset\/downloads\/preset\/Collections\/Embargoed\/17-08-2021_UNICEF-UN0502900_Afghanistan.jpg\/image1170x530cropped.jpg\" alt=\"Des famiilles des provinces de Kunduz, Sar-e-Pol et Takhar ayant trouv\u00e9 refuge dans une \u00e9cole dans le sud de Kaboul.\" title=\"Des famiilles des provinces de Kunduz, Sar-e-Pol et Takhar ayant trouv\u00e9 refuge dans une \u00e9cole dans le sud de Kaboul.\"\/><\/figure>\n\n\n\n<p>\u00a9 UNICEF AfghanistanDes famiilles des provinces de Kunduz, Sar-e-Pol et Takhar ayant trouv\u00e9 refuge dans une \u00e9cole dans le sud de Kaboul.&nbsp;&nbsp;&nbsp;&nbsp;24 ao\u00fbt 2021<a href=\"https:\/\/news.un.org\/fr\/news\/topic\/human-rights\">Droits de l&#8217;homme<\/a><\/p>\n\n\n\n<p>La Haut-Commissaire des Nations Unies aux droits de l\u2019homme, Michelle Bachelet a exhort\u00e9 mardi les Talibans, qui se sont empar\u00e9s du pouvoir en Afghanistan, \u00e0 respecter les droits humains de tous, et a d\u00e9clar\u00e9 qu\u2019une \u00ab ligne rouge fondamentale \u00bb serait leur traitement des femmes et des filles.<\/p>\n\n\n\n<p>Mme Bachelet s\u2019exprimait devant le Conseil des droits de l\u2019homme des Nations Unies \u00e0 Gen\u00e8ve lors d\u2019une session extraordinaire concernant la situation en Afghanistan apr\u00e8s la chute de la capitale Kaboul aux mains des Talibans le 15 ao\u00fbt et la fuite du Pr\u00e9sident Ashraf Ghani.<\/p>\n\n\n\n<p>Selon la Haut-Commissaire, la prise rapide d&#8217;une grande partie du pays, y compris la capitale, par les Talibans \u00ab fait craindre un retour aux violations des droits humains du pass\u00e9 et a attis\u00e9 le d\u00e9sespoir de nombreux Afghans \u00bb.<\/p>\n\n\n\n<p>Elle a pr\u00e9cis\u00e9 que, ces derni\u00e8res semaines, son Bureau a re\u00e7u des rapports \u00ab poignants et cr\u00e9dibles \u00bb sur l&#8217;impact sur les civils des violations du droit international humanitaire, ainsi que des violations et abus des droits de l&#8217;homme, par les parties au conflit.<\/p>\n\n\n\n<p>\u00ab En particulier, nous avons re\u00e7u des informations cr\u00e9dibles faisant \u00e9tat de violations graves du droit international humanitaire et de violations des droits de l&#8217;homme, commises dans de nombreuses zones sous contr\u00f4le effectif des Talibans \u00bb, a-t-elle dit. Il s&#8217;agit notamment d\u2019ex\u00e9cutions sommaires de civils et de membres hors de combat des forces de s\u00e9curit\u00e9 nationales afghanes ; de restrictions sur les droits des femmes \u2013 y compris leur droit de se d\u00e9placer librement et le droit des filles d&#8217;aller \u00e0 l&#8217;\u00e9cole ; du recrutement d&#8217;enfants soldats; et de la r\u00e9pression de manifestations pacifiques et de l&#8217;expression de la dissidence.<\/p>\n\n\n\n<p>Selon Mme Bachelet, il existe de graves craintes pour les femmes, pour les journalistes et pour la nouvelle g\u00e9n\u00e9ration de dirigeants de la soci\u00e9t\u00e9 civile qui ont \u00e9merg\u00e9 ces derni\u00e8res ann\u00e9es. Les diverses minorit\u00e9s ethniques et religieuses d&#8217;Afghanistan sont \u00e9galement expos\u00e9es \u00e0 la violence et \u00e0 la r\u00e9pression.<img decoding=\"async\" loading=\"lazy\" src=\"https:\/\/global.unitednations.entermediadb.net\/assets\/mediadb\/services\/module\/asset\/downloads\/preset\/Libraries\/Production+Library\/24-08-2021_UNOG_Bachelet.jpg\/image1170x530cropped.jpg\" alt=\"La Haut-Commissaire des Nations Unies aux droits de l'homme, Michelle Bachelet, lors de la session extraordinaire du Conseil des droits de l'homme sur l'Afghanistan.\" width=\"100%\" height=\"\">Photo UNOGLa Haut-Commissaire des Nations Unies aux droits de l&#8217;homme, Michelle Bachelet, lors de la session extraordinaire du Conseil des droits de l&#8217;homme sur l&#8217;Afghanistan.<\/p>\n\n\n\n<h3 class=\"wp-block-heading\">\u00ab Le droit international des droits de l&#8217;homme est immuable \u00bb<\/h3>\n\n\n\n<p>Elle a not\u00e9 que les porte-parole des Talibans ont pris des engagements sp\u00e9cifiques pour respecter le droit des femmes au travail et le droit des filles d&#8217;aller \u00e0 l&#8217;\u00e9cole, dans le cadre de leur interpr\u00e9tation de la loi islamique. Ils ont \u00e9galement d\u00e9clar\u00e9 qu&#8217;ils respecteraient les droits des membres des minorit\u00e9s ethniques et religieuses et s&#8217;abstiendraient de repr\u00e9sailles contre ceux qui ont travaill\u00e9 avec le gouvernement ou la communaut\u00e9 internationale.<\/p>\n\n\n\n<p>\u00ab Il incombe d\u00e9sormais pleinement aux Talibans de traduire ces engagements dans la r\u00e9alit\u00e9 \u00bb, a d\u00e9clar\u00e9 Mme Bachelet, rappelant que \u00ab le droit international des droits de l&#8217;homme est immuable \u00bb et que \u00ab la jouissance des droits de l&#8217;homme n&#8217;est pas soumise \u00e0 des changements de contr\u00f4le du territoire ou d&#8217;autorit\u00e9 de facto \u00bb.<\/p>\n\n\n\n<p>La Haut-Commissaire a exhort\u00e9 les Talibans \u00e0 respecter les droits humains, et \u00e0 s&#8217;employer \u00e0 r\u00e9tablir la coh\u00e9sion sociale et la r\u00e9conciliation, notamment par le respect des droits de tous ceux qui ont souffert pendant les d\u00e9cennies de conflit.<\/p>\n\n\n\n<p>\u00ab Une ligne rouge fondamentale sera le traitement des femmes et des filles par les Talibans, et le respect de leurs droits \u00e0 la libert\u00e9, \u00e0 la libert\u00e9 de mouvement, \u00e0 l&#8217;\u00e9ducation, \u00e0 l&#8217;expression de soi et \u00e0 l&#8217;emploi, guid\u00e9s par les normes internationales des droits humains. En particulier, garantir l&#8217;acc\u00e8s des filles \u00e0 un enseignement secondaire de qualit\u00e9 sera un indicateur essentiel de l&#8217;engagement en faveur des droits humains \u00bb, a-t-elle dit.<\/p>\n\n\n\n<p>\u00ab Il ne devrait y avoir ni repr\u00e9sailles ni sanctions contre les milliers de d\u00e9fenseurs des droits humains qui ont contribu\u00e9 au bien-\u00eatre et aux droits de leur peuple \u00bb, a-t-elle ajout\u00e9.<\/p>\n\n\n\n<p>La cheffe des droits de l\u2019homme a appel\u00e9 tous les \u00c9tats \u00e0 cr\u00e9er des voies s\u00fbres pour les r\u00e9fugi\u00e9s et migrants afghans, \u00e0 \u00e9largir les programmes d&#8217;asile et de r\u00e9installation et \u00e0 mettre imm\u00e9diatement fin \u00e0 l&#8217;expulsion des Afghans qui demandent protection. Elle leur a \u00e9galement demand\u00e9 d&#8217;user de leur influence aupr\u00e8s des Talibans pour encourager le respect des droits de tous.<\/p>\n\n\n\n<p>Elle a exhort\u00e9 le Conseil des droits de l\u2019homme \u00ab \u00e0 prendre des mesures audacieuses et vigoureuses, \u00e0 la mesure de la gravit\u00e9 de cette crise, en \u00e9tablissant un m\u00e9canisme d\u00e9di\u00e9 pour surveiller de pr\u00e8s l&#8217;\u00e9volution de la situation des droits de l&#8217;homme en Afghanistan \u00bb.<\/p>\n\n\n\n<h3 class=\"wp-block-heading\">R\u00e9solution du Conseil des droits de l&#8217;homme<\/h3>\n\n\n\n<p>A l\u2019issue de la r\u00e9union extraordinaire, un projet de r\u00e9solution sur le renforcement de la promotion et de la protection des droits de l&#8217;homme en Afghanistan a \u00e9t\u00e9 adopt\u00e9 sans vote par le Conseil des droits de l\u2019homme.<\/p>\n\n\n\n<p>Dans cette r\u00e9solution, le Conseil exprime de graves pr\u00e9occupations concernant toutes les violations et abus des droits humains et les violations du droit international humanitaire en Afghanistan et demande le plein respect des droits humains de tous les individus dans le pays, y compris les femmes, les enfants et les personnes appartenant \u00e0 des groupes ethniques, religieux et autres groupes minoritaires.<\/p>\n\n\n\n<p>Le Conseil des droits de l\u2019homme souligne \u00e9galement la n\u00e9cessit\u00e9 d&#8217;enqu\u00eates transparentes et rapides sur les informations faisant \u00e9tat de violations et atteintes aux droits de l&#8217;homme et violations du droit international humanitaire et de demander des comptes aux responsables.<\/p>\n\n\n\n<p>Source : ONU <\/p>\n","protected":false},"excerpt":{"rendered":"<p>\u00a9 UNICEF AfghanistanDes famiilles des provinces de Kunduz, Sar-e-Pol et Takhar ayant trouv\u00e9 refuge dans une \u00e9cole dans le sud de Kaboul.&nbsp;&nbsp;&nbsp;&nbsp;24 ao\u00fbt 2021Droits de l&#8217;homme La Haut-Commissaire des Nations&hellip; <\/p>\n","protected":false},"author":87,"featured_media":10432,"comment_status":"open","ping_status":"closed","sticky":false,"template":"","format":"standard","meta":{"_bbp_topic_count":0,"_bbp_reply_count":0,"_bbp_total_topic_count":0,"_bbp_total_reply_count":0,"_bbp_voice_count":0,"_bbp_anonymous_reply_count":0,"_bbp_topic_count_hidden":0,"_bbp_reply_count_hidden":0,"_bbp_forum_subforum_count":0,"ngg_post_thumbnail":0},"categories":[204,114],"tags":[],"_links":{"self":[{"href":"https:\/\/maghreb-observateur.com\/index.php?rest_route=\/wp\/v2\/posts\/10431"}],"collection":[{"href":"https:\/\/maghreb-observateur.com\/index.php?rest_route=\/wp\/v2\/posts"}],"about":[{"href":"https:\/\/maghreb-observateur.com\/index.php?rest_route=\/wp\/v2\/types\/post"}],"author":[{"embeddable":true,"href":"https:\/\/maghreb-observateur.com\/index.php?rest_route=\/wp\/v2\/users\/87"}],"replies":[{"embeddable":true,"href":"https:\/\/maghreb-observateur.com\/index.php?rest_route=%2Fwp%2Fv2%2Fcomments&post=10431"}],"version-history":[{"count":1,"href":"https:\/\/maghreb-observateur.com\/index.php?rest_route=\/wp\/v2\/posts\/10431\/revisions"}],"predecessor-version":[{"id":10433,"href":"https:\/\/maghreb-observateur.com\/index.php?rest_route=\/wp\/v2\/posts\/10431\/revisions\/10433"}],"wp:featuredmedia":[{"embeddable":true,"href":"https:\/\/maghreb-observateur.com\/index.php?rest_route=\/wp\/v2\/media\/10432"}],"wp:attachment":[{"href":"https:\/\/maghreb-observateur.com\/index.php?rest_route=%2Fwp%2Fv2%2Fmedia&parent=10431"}],"wp:term":[{"taxonomy":"category","embeddable":true,"href":"https:\/\/maghreb-observateur.com\/index.php?rest_route=%2Fwp%2Fv2%2Fcategories&post=10431"},{"taxonomy":"post_tag","embeddable":true,"href":"https:\/\/maghreb-observateur.com\/index.php?rest_route=%2Fwp%2Fv2%2Ftags&post=10431"}],"curies":[{"name":"wp","href":"https:\/\/api.w.org\/{rel}","templated":true}]}}