{"id":10399,"date":"2021-08-23T09:08:22","date_gmt":"2021-08-23T14:08:22","guid":{"rendered":"https:\/\/maghreb-observateur.com\/?p=10399"},"modified":"2021-08-23T09:30:13","modified_gmt":"2021-08-23T14:30:13","slug":"le-conseil-de-securite-sinquiete-de-lexpansion-alarmante-de-daech-en-afrique","status":"publish","type":"post","link":"https:\/\/maghreb-observateur.com\/?p=10399","title":{"rendered":"Le Conseil de s\u00e9curit\u00e9 s\u2019inqui\u00e8te de l\u2019expansion \u00ab alarmante \u00bb de Daech en Afrique"},"content":{"rendered":"\n<figure class=\"wp-block-image size-large\"><a href=\"https:\/\/maghreb-observateur.com\/wp-content\/uploads\/2021\/08\/Depositphotos_100416930_xl-2015-scaled.jpg\" rel=\"shadowbox[sbpost-10399];player=img;\"><img decoding=\"async\" loading=\"lazy\" width=\"1024\" height=\"680\" src=\"https:\/\/maghreb-observateur.com\/wp-content\/uploads\/2021\/08\/Depositphotos_100416930_xl-2015-1024x680.jpg\" alt=\"\" class=\"wp-image-10401\" srcset=\"https:\/\/maghreb-observateur.com\/wp-content\/uploads\/2021\/08\/Depositphotos_100416930_xl-2015-1024x680.jpg 1024w, https:\/\/maghreb-observateur.com\/wp-content\/uploads\/2021\/08\/Depositphotos_100416930_xl-2015-300x199.jpg 300w, https:\/\/maghreb-observateur.com\/wp-content\/uploads\/2021\/08\/Depositphotos_100416930_xl-2015-768x510.jpg 768w\" sizes=\"(max-width: 1024px) 100vw, 1024px\" \/><\/a><figcaption>Terrorism concept. Terrorist holds dynamite bomb in hand. Isolated on white background.<\/figcaption><\/figure>\n\n\n\n<p>Photo : UNICEF\/Gilbertson VL&#8217;arm\u00e9e nig\u00e9rienne patrouille dans le d\u00e9sert du Sahara pour cibler des groupes terroristes, notamment l&#8217;EIIL et Boko Haram.\u00a0\u00a0\u00a0\u00a019 ao\u00fbt 2021Paix et s\u00e9curit\u00e9<\/p>\n\n\n\n<p>Le Conseil de s\u00e9curit\u00e9 s\u2019est inqui\u00e9t\u00e9 jeudi de la menace que repr\u00e9sente toujours le groupe terroriste Daech pour la paix et la s\u00e9curit\u00e9 internationales et notamment de son expansion \u00ab alarmante \u00bb en Afrique.<\/p>\n\n\n\n<p>Lors d\u2019une r\u00e9union au niveau minist\u00e9riel pr\u00e9sid\u00e9e par le ministre indien des Affaires ext\u00e9rieures, Subrahmanyam Jaishankar, dont le pays occupe la pr\u00e9sidence tournante du Conseil en ao\u00fbt, les membres du Conseil de s\u00e9curit\u00e9 ont entendu des expos\u00e9s du chef du Bureau des Nations Unies de la lutte contre le terrorisme (UNOCT), Vladimir Voronkov, et de la Directrice ex\u00e9cutive de la Direction ex\u00e9cutive du Comit\u00e9 des Nations Unies contre le terrorisme, Mich\u00e8le Coninsx.<\/p>\n\n\n\n<p>Dans une d\u00e9claration \u00e0 la presse publi\u00e9e \u00e0 l\u2019issue de cette r\u00e9union, le Conseil de s\u00e9curit\u00e9 a not\u00e9 avec une profonde pr\u00e9occupation que l&#8217;Etat islamique d\u2019Iraq et du Levant (EIIL\/Daech) et d&#8217;autres groupes terroristes continuent d&#8217;exploiter, \u00e0 la fois en ligne et hors ligne, les perturbations, les griefs et les reculs en mati\u00e8re de d\u00e9veloppement li\u00e9s \u00e0 la pand\u00e9mie de Covid-19 et que Daech \u00ab pourrait retrouver la capacit\u00e9 de lancer ou d&#8217;orchestrer des attaques terroristes internationales \u00bb.<\/p>\n\n\n\n<h3 class=\"wp-block-heading\">Influence croissante en Afrique<\/h3>\n\n\n\n<p>Les membres du Conseil de s\u00e9curit\u00e9 se sont d\u00e9clar\u00e9s pr\u00e9occup\u00e9s par \u00ab &nbsp;l&#8217;expansion alarmante de l&#8217;EIIL (Daech) dans de nombreuses r\u00e9gions, y compris en Afrique, et ont reconnu que l&#8217;influence croissante de l&#8217;EIIL (Daech) en Afrique pourrait avoir des implications de grande port\u00e9e pour le la paix, la s\u00e9curit\u00e9 et la stabilit\u00e9 de la r\u00e9gion \u00bb.<\/p>\n\n\n\n<p>Ils ont d\u00e9plor\u00e9 les attaques continues contre des civils, des villes et des camps militaires par les affili\u00e9s r\u00e9gionaux de Daech tels que l&#8217;EI dans la province d&#8217;Afrique de l&#8217;Ouest (ISWAP), l&#8217;EI dans le Grand Sahara (ISGS) et l&#8217;EIIL en Afrique centrale, et ont exprim\u00e9 leur inqui\u00e9tude concernant la pr\u00e9sence et la menace de l&#8217;EIIL-Khorasan.<\/p>\n\n\n\n<p>Le Conseil de s\u00e9curit\u00e9 a soulign\u00e9 \u00ab l&#8217;importance d&#8217;une approche holistique de la lutte contre le terrorisme et l&#8217;extr\u00e9misme violent propice au terrorisme, men\u00e9e conform\u00e9ment au droit international applicable, ainsi que des efforts visant \u00e0 aborder les dimensions de la gouvernance, de la s\u00e9curit\u00e9, des droits de l&#8217;homme, de l&#8217;humanitaire, du d\u00e9veloppement, ainsi que des dimensions socio\u00e9conomiques de ce d\u00e9fi, notamment l&#8217;emploi des jeunes et l&#8217;\u00e9radication de la pauvret\u00e9 \u00bb.<\/p>\n\n\n\n<p>Les membres du Conseil se sont d\u00e9clar\u00e9s pr\u00e9occup\u00e9s par l&#8217;utilisation croissante par Daech et ses financiers des technologies de l&#8217;information et de la communication (TIC), y compris les technologies \u00e9mergentes, telles que les actifs virtuels et autres moyens anonymes de transactions mon\u00e9taires ou financi\u00e8res, et a soulign\u00e9 l&#8217;importance de la coop\u00e9ration internationale, d&#8217;une gouvernance efficace conforme au droit international et de partenariats innovants avec le secteur priv\u00e9 et la soci\u00e9t\u00e9 civile pour pr\u00e9venir et contrer l&#8217;utilisation des TIC \u00e0 des fins terroristes.<\/p>\n\n\n\n<p>Les membres du Conseil de s\u00e9curit\u00e9 ont exhort\u00e9 tous les \u00c9tats membres \u00e0 s&#8217;acquitter de leurs obligations de criminaliser le financement du terrorisme, ainsi que de renforcer la capacit\u00e9 de leurs syst\u00e8mes de surveillance financi\u00e8re et de r\u00e9glementation afin de priver Daech et ses financiers de l&#8217;espace n\u00e9cessaire pour exploiter et lever des fonds.<\/p>\n\n\n\n<h3 class=\"wp-block-heading\">Une r\u00e9ponse mondiale est n\u00e9cessaire<\/h3>\n\n\n\n<p>S\u2019agissant de l\u2019expansion de Daech en Afrique, Vladimir Voronkov a expliqu\u00e9 au Conseil de s\u00e9curit\u00e9 lors de la r\u00e9union que le groupe terroriste s\u2019\u00e9tait propag\u00e9 au Mali au Burkina Faso et au Niger, avec des incursions du Nig\u00e9ria au Niger, au Tchad et au Cameroun, et des incursions du Mozambique en Tanzanie. \u00ab Une r\u00e9ponse mondiale est n\u00e9cessaire de toute urgence pour soutenir les efforts des pays africains et des organisations r\u00e9gionales pour lutter contre le terrorisme \u00bb, a-t-il dit.<\/p>\n\n\n\n<p>S\u2019agissant de l\u2019Afghanistan, il a not\u00e9 que l&#8217;\u00e9volution rapide de la situation pourrait avoir des implications consid\u00e9rables pour la paix et la s\u00e9curit\u00e9 dans le monde. Il s\u2019est fait l\u2019\u00e9cho de l&#8217;appel lanc\u00e9 lundi par le Secr\u00e9taire g\u00e9n\u00e9ral au Conseil de s\u00e9curit\u00e9 pour qu&#8217;il utilise tous les outils \u00e0 sa disposition afin d\u2019emp\u00eacher que l&#8217;Afghanistan ne soit utilis\u00e9 comme plate-forme ou refuge pour le terrorisme.<\/p>\n\n\n\n<p>\u00c0 l&#8217;\u00e9chelle mondiale, la menace pos\u00e9e par Daech \u00e0 la paix et \u00e0 la s\u00e9curit\u00e9 internationales est rest\u00e9e importante et constante au cours des six derniers mois, suscitant de graves pr\u00e9occupations internationales, a soulign\u00e9 Vladimir Voronkov.<\/p>\n\n\n\n<p>\u00ab Daech a continu\u00e9 \u00e0 exploiter les perturbations, les griefs et les revers de d\u00e9veloppement caus\u00e9s par la pand\u00e9mie pour se regrouper, recruter de nouveaux adeptes et intensifier ses activit\u00e9s \u00e0 la fois en ligne et sur le terrain. Son noyau en Iraq et en Syrie a toujours acc\u00e8s \u00e0 d&#8217;importantes r\u00e9serves financi\u00e8res cach\u00e9es, estim\u00e9es entre 25 et 50 millions de dollars. Daech a d\u00e9centralis\u00e9 davantage sa gouvernance et l&#8217;autonomie, la capacit\u00e9 et la confiance suppl\u00e9mentaires acquises par ses filiales r\u00e9gionales pourraient offrir au groupe de nouvelles options, notamment pour orchestrer des attaques internationales \u00bb, a-t-il dit.<\/p>\n\n\n\n<h3 class=\"wp-block-heading\">Le sort des ressortissants \u00e9trangers bloqu\u00e9s dans des camps en Iraq et en Syrie<\/h3>\n\n\n\n<p>Mich\u00e8le Coninsx, pour sa part, s\u2019est dite pr\u00e9occup\u00e9e par la situation d\u00e9sastreuse \u00e0 laquelle sont confront\u00e9es les personnes \u2013 principalement des femmes et des enfants \u2013 ayant des liens pr\u00e9sum\u00e9s avec Daech et d\u00e9tenues dans des camps en Iraq et en Syrie.<\/p>\n\n\n\n<p>\u00ab Bien que les entit\u00e9s des Nations Unies continuent de promouvoir le retour s\u00fbr, volontaire et respectueux des droits de l&#8217;homme des ressortissants \u00e9trangers d&#8217;Iraq et de la Syrie, beaucoup restent bloqu\u00e9s dans des camps surpeupl\u00e9s avec un acc\u00e8s limit\u00e9 aux services essentiels, \u00e0 une proc\u00e9dure r\u00e9guli\u00e8re et \u00e0 un proc\u00e8s \u00e9quitable. Ces inqui\u00e9tudes n&#8217;ont \u00e9t\u00e9 qu&#8217;exacerb\u00e9es par la pand\u00e9mie \u00bb, a-t-elle dit aux membres du Conseil.<\/p>\n\n\n\n<p>A ce sujet, Vladimir Voronkov a r\u00e9it\u00e9r\u00e9 l&#8217;appel du Secr\u00e9taire g\u00e9n\u00e9ral aux \u00c9tats membres \u00ab pour le rapatriement librement consenti de toutes les personnes concern\u00e9es, en mettant particuli\u00e8rement l&#8217;accent sur les enfants, conform\u00e9ment au droit international et avec le consentement des gouvernements concern\u00e9s \u00bb.<\/p>\n\n\n\n<p>Source: ONU<\/p>\n","protected":false},"excerpt":{"rendered":"<p>Photo : UNICEF\/Gilbertson VL&#8217;arm\u00e9e nig\u00e9rienne patrouille dans le d\u00e9sert du Sahara pour cibler des groupes terroristes, notamment l&#8217;EIIL et Boko Haram.\u00a0\u00a0\u00a0\u00a019 ao\u00fbt 2021Paix et s\u00e9curit\u00e9 Le Conseil de s\u00e9curit\u00e9 s\u2019est&hellip; <\/p>\n","protected":false},"author":87,"featured_media":10400,"comment_status":"open","ping_status":"closed","sticky":false,"template":"","format":"standard","meta":{"_bbp_topic_count":0,"_bbp_reply_count":0,"_bbp_total_topic_count":0,"_bbp_total_reply_count":0,"_bbp_voice_count":0,"_bbp_anonymous_reply_count":0,"_bbp_topic_count_hidden":0,"_bbp_reply_count_hidden":0,"_bbp_forum_subforum_count":0,"ngg_post_thumbnail":0},"categories":[204],"tags":[],"_links":{"self":[{"href":"https:\/\/maghreb-observateur.com\/index.php?rest_route=\/wp\/v2\/posts\/10399"}],"collection":[{"href":"https:\/\/maghreb-observateur.com\/index.php?rest_route=\/wp\/v2\/posts"}],"about":[{"href":"https:\/\/maghreb-observateur.com\/index.php?rest_route=\/wp\/v2\/types\/post"}],"author":[{"embeddable":true,"href":"https:\/\/maghreb-observateur.com\/index.php?rest_route=\/wp\/v2\/users\/87"}],"replies":[{"embeddable":true,"href":"https:\/\/maghreb-observateur.com\/index.php?rest_route=%2Fwp%2Fv2%2Fcomments&post=10399"}],"version-history":[{"count":2,"href":"https:\/\/maghreb-observateur.com\/index.php?rest_route=\/wp\/v2\/posts\/10399\/revisions"}],"predecessor-version":[{"id":10404,"href":"https:\/\/maghreb-observateur.com\/index.php?rest_route=\/wp\/v2\/posts\/10399\/revisions\/10404"}],"wp:featuredmedia":[{"embeddable":true,"href":"https:\/\/maghreb-observateur.com\/index.php?rest_route=\/wp\/v2\/media\/10400"}],"wp:attachment":[{"href":"https:\/\/maghreb-observateur.com\/index.php?rest_route=%2Fwp%2Fv2%2Fmedia&parent=10399"}],"wp:term":[{"taxonomy":"category","embeddable":true,"href":"https:\/\/maghreb-observateur.com\/index.php?rest_route=%2Fwp%2Fv2%2Fcategories&post=10399"},{"taxonomy":"post_tag","embeddable":true,"href":"https:\/\/maghreb-observateur.com\/index.php?rest_route=%2Fwp%2Fv2%2Ftags&post=10399"}],"curies":[{"name":"wp","href":"https:\/\/api.w.org\/{rel}","templated":true}]}}