{"id":10331,"date":"2021-08-17T14:41:32","date_gmt":"2021-08-17T19:41:32","guid":{"rendered":"https:\/\/maghreb-observateur.com\/?p=10331"},"modified":"2021-08-17T14:41:45","modified_gmt":"2021-08-17T19:41:45","slug":"maroc-touche-a-son-tour-par-dimportants-incendies","status":"publish","type":"post","link":"https:\/\/maghreb-observateur.com\/?p=10331","title":{"rendered":"Maroc touch\u00e9 \u00e0 son tour par d\u2019importants incendies"},"content":{"rendered":"\n<figure class=\"wp-block-embed is-type-video is-provider-youtube wp-block-embed-youtube wp-embed-aspect-16-9 wp-has-aspect-ratio\"><div class=\"wp-block-embed__wrapper\">\n<iframe loading=\"lazy\" title=\"Le nord du Maroc \u00e0 son tour touch\u00e9 par de violents feux de for\u00eat\" width=\"1110\" height=\"624\" src=\"https:\/\/www.youtube.com\/embed\/q9RHwAbYXIE?feature=oembed\" frameborder=\"0\" allow=\"accelerometer; autoplay; clipboard-write; encrypted-media; gyroscope; picture-in-picture\" allowfullscreen><\/iframe>\n<\/div><\/figure>\n\n\n\n<p>Les causes de ces feux de for\u00eat ne sont pas encore connues, mais les fortes chaleurs accompagn\u00e9es de vents pourraient en \u00eatre \u00e0 l\u2019origine.<\/p>\n\n\n\n<p>La mobilisation continue lundi&nbsp;16&nbsp;ao\u00fbt dans le nord du Maroc pour ma\u00eetriser les incendies qui ont d\u00e9j\u00e0 d\u00e9cim\u00e9 plus de 700&nbsp;hectares de for\u00eat en trois jours.<\/p>\n\n\n\n<p>Plus de 500\u00a0personnes, dont des pompiers et des militaires,\u00a0<em>\u00ab\u00a0sont toujours mobilis\u00e9es pour venir \u00e0 bout de ces incendies\u00a0\u00bb<\/em>, a annonc\u00e9 le chef du Centre national de gestion des risques climatiques forestiers, Fouad Assali, \u00e0 l\u2019agence de presse officielle MAP. Quelque 725\u00a0hectares d\u2019une for\u00eat pr\u00e8s de la ville touristique de Chefchaouen (nord) ont d\u00e9j\u00e0 \u00e9t\u00e9 engloutis par les feux d\u00e9clar\u00e9s samedi, a-t-il pr\u00e9cis\u00e9.<\/p>\n\n\n\n<p>Les \u00e9quipes de pompiers sont \u00e9paul\u00e9es par&nbsp;<em>\u00ab&nbsp;quatre avions Canadair des Forces royales air et quatre avions Turbo Trush de la gendarmerie royale&nbsp;\u00bb<\/em>, a ajout\u00e9 M.&nbsp;Assali. Selon les journalistes de l\u2019Agence France-Presse (AFP) sur place, les feux \u00e9taient en recul lundi, \u00e0 l\u2019exception de quelques surfaces enflamm\u00e9es \u00e9parses et sous contr\u00f4le.<\/p>\n\n\n\n<p>Une enqu\u00eate a \u00e9t\u00e9 ouverte pour d\u00e9terminer les causes de l\u2019incendie qui n\u2019a fait aucune victime. La chaleur et les vents peuvent constituer des \u00e9l\u00e9ments d\u00e9clencheurs.<\/p>\n\n\n\n<p><strong>La mobilisation continue lundi dans le nord du Maroc pour ma\u00eetriser les incendies qui ont d\u00e9j\u00e0 d\u00e9cim\u00e9 plus de 700 hectares de for\u00eat en trois jours<\/strong>.<\/p>\n","protected":false},"excerpt":{"rendered":"<p>Les causes de ces feux de for\u00eat ne sont pas encore connues, mais les fortes chaleurs accompagn\u00e9es de vents pourraient en \u00eatre \u00e0 l\u2019origine. La mobilisation continue lundi&nbsp;16&nbsp;ao\u00fbt dans le&hellip; <\/p>\n","protected":false},"author":87,"featured_media":10147,"comment_status":"open","ping_status":"closed","sticky":false,"template":"","format":"standard","meta":{"_bbp_topic_count":0,"_bbp_reply_count":0,"_bbp_total_topic_count":0,"_bbp_total_reply_count":0,"_bbp_voice_count":0,"_bbp_anonymous_reply_count":0,"_bbp_topic_count_hidden":0,"_bbp_reply_count_hidden":0,"_bbp_forum_subforum_count":0,"ngg_post_thumbnail":0},"categories":[99,108,114],"tags":[],"_links":{"self":[{"href":"https:\/\/maghreb-observateur.com\/index.php?rest_route=\/wp\/v2\/posts\/10331"}],"collection":[{"href":"https:\/\/maghreb-observateur.com\/index.php?rest_route=\/wp\/v2\/posts"}],"about":[{"href":"https:\/\/maghreb-observateur.com\/index.php?rest_route=\/wp\/v2\/types\/post"}],"author":[{"embeddable":true,"href":"https:\/\/maghreb-observateur.com\/index.php?rest_route=\/wp\/v2\/users\/87"}],"replies":[{"embeddable":true,"href":"https:\/\/maghreb-observateur.com\/index.php?rest_route=%2Fwp%2Fv2%2Fcomments&post=10331"}],"version-history":[{"count":1,"href":"https:\/\/maghreb-observateur.com\/index.php?rest_route=\/wp\/v2\/posts\/10331\/revisions"}],"predecessor-version":[{"id":10332,"href":"https:\/\/maghreb-observateur.com\/index.php?rest_route=\/wp\/v2\/posts\/10331\/revisions\/10332"}],"wp:featuredmedia":[{"embeddable":true,"href":"https:\/\/maghreb-observateur.com\/index.php?rest_route=\/wp\/v2\/media\/10147"}],"wp:attachment":[{"href":"https:\/\/maghreb-observateur.com\/index.php?rest_route=%2Fwp%2Fv2%2Fmedia&parent=10331"}],"wp:term":[{"taxonomy":"category","embeddable":true,"href":"https:\/\/maghreb-observateur.com\/index.php?rest_route=%2Fwp%2Fv2%2Fcategories&post=10331"},{"taxonomy":"post_tag","embeddable":true,"href":"https:\/\/maghreb-observateur.com\/index.php?rest_route=%2Fwp%2Fv2%2Ftags&post=10331"}],"curies":[{"name":"wp","href":"https:\/\/api.w.org\/{rel}","templated":true}]}}